{"id":17027,"date":"2018-03-17T08:43:16","date_gmt":"2018-03-17T07:43:16","guid":{"rendered":"http:\/\/www.messinaoggi.it\/website\/?p=17027"},"modified":"2018-03-17T08:43:16","modified_gmt":"2018-03-17T07:43:16","slug":"il-comune-di-messina-sanzionato-per-prelievo-abusivo-di-acqua-a-fimefreddo","status":"publish","type":"post","link":"https:\/\/www.messinaoggi.it\/website\/2018\/03\/17\/il-comune-di-messina-sanzionato-per-prelievo-abusivo-di-acqua-a-fimefreddo\/","title":{"rendered":"Comune di Messina sanzionato per prelievo abusivo di acqua a Fiumefreddo"},"content":{"rendered":"<p>Com&#8217;era prevedibile, il Comune di Messina \u00e8 stato sanzionato dalla Regione per il prelievo abusivo di acqua delle sorgenti di Fiumefreddo. La sanzione ammonta a 30mila euro. A darne notizia il deputato regionale Cateno De Luca, il quale afferma: &#8220;Lo avevo detto in tempi non sospetti che Messina non era in regola con le concessioni&#8221;.<br \/>\nNei giorni scorsi, proprio l&#8217;Amam era stata al centro di una querelle sollevata dallo stesso De Luca, il quale com&#8217;\u00e8 noto, \u00e8 anche candidato alla carica di primo cittadino.<br \/>\nSecondo quanto denunciato dal parlamentare del gruppo Misto, la citt\u00e0 di Messina attinge l&#8217;acqua che serve la citt\u00e0 alle fonti di Fiumefreddo, bench\u00e9 la concessione fosse scaduta da quasi un anno. Adesso \u00e8 arrivata la sanzione e l&#8217;invito a mettersi in regola in tempi piuttosto celeri.<div id=\"div-gpt-ad-Messinaoggi.it-DSK-300x250-corpoart\" style=\"text-align:center;margin:0 auto;\"><\/div><\/p>\n<div id=\"videoincontent\" style=\"clear:both\";><\/div>","protected":false},"excerpt":{"rendered":"<p>Com&#8217;era prevedibile, il Comune di Messina \u00e8 stato sanzionato dalla Regione per il prelievo abusivo di acqua delle sorgenti di Fiumefreddo. La sanzione ammonta a 30mila euro. A darne notizia il deputato regionale Cateno De Luca, il quale afferma: &#8220;Lo avevo detto in tempi non sospetti che Messina non era in regola con le concessioni&#8221;. [&hellip;]<\/p>\n","protected":false},"author":2,"featured_media":1679,"comment_status":"closed","ping_status":"open","sticky":false,"template":"","format":"standard","meta":{"ub_ctt_via":"","_mi_skip_tracking":false},"categories":[6],"tags":[],"featured_image_src":"https:\/\/www.messinaoggi.it\/website\/wp-content\/uploads\/2017\/06\/Amam-sede-2.jpg","author_info":{"display_name":"Redazione","author_link":"https:\/\/www.messinaoggi.it\/website\/author\/redazione\/"},"digistream_id":0,"digistream":false,"_links":{"self":[{"href":"https:\/\/www.messinaoggi.it\/website\/wp-json\/wp\/v2\/posts\/17027"}],"collection":[{"href":"https:\/\/www.messinaoggi.it\/website\/wp-json\/wp\/v2\/posts"}],"about":[{"href":"https:\/\/www.messinaoggi.it\/website\/wp-json\/wp\/v2\/types\/post"}],"author":[{"embeddable":true,"href":"https:\/\/www.messinaoggi.it\/website\/wp-json\/wp\/v2\/users\/2"}],"replies":[{"embeddable":true,"href":"https:\/\/www.messinaoggi.it\/website\/wp-json\/wp\/v2\/comments?post=17027"}],"version-history":[{"count":0,"href":"https:\/\/www.messinaoggi.it\/website\/wp-json\/wp\/v2\/posts\/17027\/revisions"}],"wp:featuredmedia":[{"embeddable":true,"href":"https:\/\/www.messinaoggi.it\/website\/wp-json\/wp\/v2\/media\/1679"}],"wp:attachment":[{"href":"https:\/\/www.messinaoggi.it\/website\/wp-json\/wp\/v2\/media?parent=17027"}],"wp:term":[{"taxonomy":"category","embeddable":true,"href":"https:\/\/www.messinaoggi.it\/website\/wp-json\/wp\/v2\/categories?post=17027"},{"taxonomy":"post_tag","embeddable":true,"href":"https:\/\/www.messinaoggi.it\/website\/wp-json\/wp\/v2\/tags?post=17027"}],"curies":[{"name":"wp","href":"https:\/\/api.w.org\/{rel}","templated":true}]}}