{"id":17020,"date":"2018-03-17T10:36:01","date_gmt":"2018-03-17T09:36:01","guid":{"rendered":"http:\/\/www.messinaoggi.it\/website\/?p=17020"},"modified":"2018-03-17T10:36:01","modified_gmt":"2018-03-17T09:36:01","slug":"congresso-uil-fpl-calapai-confermato-segretario-allunanimita","status":"publish","type":"post","link":"https:\/\/www.messinaoggi.it\/website\/2018\/03\/17\/congresso-uil-fpl-calapai-confermato-segretario-allunanimita\/","title":{"rendered":"Congresso Uil-Fpl, Calapai confermato segretario all&#039;unanimit\u00e0"},"content":{"rendered":"<p class=\"p1\"><span class=\"s1\"><strong>Pippo Calapai<\/strong> \u00e8 stato confermato all\u2019unanimit\u00e0 segretario generale della Uil-Fpl Messina al termine del V Congresso territoriale. Presso l\u2019aula magna della scuola Antonello s\u2019\u00e8 celebrato il congresso che ha visto la conferma del segretario generale uscente. Faranno parte della segreteria provinciale, oltre a Pippo Calapai, <strong>Giovanna Bicchieri<\/strong>, <strong>Maurizio Celona<\/strong>, <strong>Carmelo Gatto<\/strong> e <strong>Laura Strano<\/strong>. Ai lavori, presieduti da <strong>Enzo Tango<\/strong>, segretario generale Uil-Fpl Sicilia, hanno prenderanno parte <strong>Michelangelo Librandi<\/strong>, segretario nazionale Uil-Fpl, <strong>Carlo Fiordaliso<\/strong>, presidente della Fondazione Nenni, e <strong>Pasquale De Vardo<\/strong>, segretario organizzativo della Uil Messina. <\/span><div id=\"div-gpt-ad-Messinaoggi.it-DSK-300x250-corpoart\" style=\"text-align:center;margin:0 auto;\"><\/div><\/p>\n<p class=\"p1\"><span class=\"s1\">Il segretario generale nazionale Librandi ha elogiato il lavoro svolto dalla segreteria provinciale capitanata da Calapai ed ha lanciato il guanto di sfida in vista delle imminenti elezioni delle Rsu che vedr\u00e0 protagonista la Uil-Fpl di Messina, affinch\u00e9 migliori i risultati ottenuti che la collocano fra le categorie pi\u00f9 virtuose d\u2019Italia. \u00a0\u201c<em>La nostra organizzazione di categoria &#8211; afferma Calapai &#8211; sar\u00e0 ancora protagonista per migliorare la qualit\u00e0 della vita dei lavoratori e dei cittadini utenti. Il nostro obiettivo \u00e8 quello di valorizzare appieno la professionalit\u00e0 di tutti i lavoratori, specie quelli del settore infermieristico, tant\u2019\u00e8 che abbiamo avviato una serie di iniziative per il riconoscimento del demansionamento cui \u00e8 sottoposto<\/em>\u201d.<\/span><div id=\"videoincontent\" style=\"clear:both\";><\/div><\/p>\n<p class=\"p1\"><span class=\"s1\">In riferimento alle elezioni Rsu, Pippo Calapai nel ringraziare i componenti della sua segreteria ha sottolineato come \u201c<em>La Uil-Fpl si stia impegnando sempre pi\u00f9 per raggiungere il miglior risultato possibile. In Sanit\u00e0 \u2013 ha detto \u2013 partiamo da un 34% ottenuti nella precedente tornata elettorale e ci auguriamo di superare questa percentuale raccogliendo il guanto di sfida lanciato dal nostro segretario generale. Sar\u00e0 una sfida difficile, ma siamo sicuri \u2013 ha concluso Calapai \u2013 che avendo lavorato giorno per giorno per tutelare i diritti dei lavoratori, di centrare il nostro obiettivo\u201d<\/em>.<\/span><\/p>\n<p class=\"p1\"><span class=\"s1\">Calapai durante la sua relazione ha ripercorso l\u2019attivit\u00e0 svolta negli ultimi anni, soffermandosi lungamente sulle battaglie vinte, prime fra tutte la difesa dell\u2019ospedale Piemonte. Al termine dei lavori si \u00e8 proceduto alle votazioni di rito e Calapai \u00e8 stato confermato all\u2019unanimit\u00e0 segretario generale fra scroscianti applausi e attestazioni di stima da parte dei vertici nazionali e degli oltre 90 delegati che affollavano la sala.<\/span><\/p>\n","protected":false},"excerpt":{"rendered":"<p>Pippo Calapai \u00e8 stato confermato all\u2019unanimit\u00e0 segretario generale della Uil-Fpl Messina al termine del V Congresso territoriale. Presso l\u2019aula magna della scuola Antonello s\u2019\u00e8 celebrato il congresso che ha visto la conferma del segretario generale uscente. Faranno parte della segreteria provinciale, oltre a Pippo Calapai, Giovanna Bicchieri, Maurizio Celona, Carmelo Gatto e Laura Strano. Ai [&hellip;]<\/p>\n","protected":false},"author":2,"featured_media":17021,"comment_status":"closed","ping_status":"open","sticky":false,"template":"","format":"standard","meta":{"ub_ctt_via":"","_mi_skip_tracking":false},"categories":[6],"tags":[],"featured_image_src":"https:\/\/www.messinaoggi.it\/website\/wp-content\/uploads\/2018\/03\/29243979_600866726924515_7394924267613192192_n-1.jpg","author_info":{"display_name":"Redazione","author_link":"https:\/\/www.messinaoggi.it\/website\/author\/redazione\/"},"digistream_id":0,"digistream":false,"_links":{"self":[{"href":"https:\/\/www.messinaoggi.it\/website\/wp-json\/wp\/v2\/posts\/17020"}],"collection":[{"href":"https:\/\/www.messinaoggi.it\/website\/wp-json\/wp\/v2\/posts"}],"about":[{"href":"https:\/\/www.messinaoggi.it\/website\/wp-json\/wp\/v2\/types\/post"}],"author":[{"embeddable":true,"href":"https:\/\/www.messinaoggi.it\/website\/wp-json\/wp\/v2\/users\/2"}],"replies":[{"embeddable":true,"href":"https:\/\/www.messinaoggi.it\/website\/wp-json\/wp\/v2\/comments?post=17020"}],"version-history":[{"count":0,"href":"https:\/\/www.messinaoggi.it\/website\/wp-json\/wp\/v2\/posts\/17020\/revisions"}],"wp:featuredmedia":[{"embeddable":true,"href":"https:\/\/www.messinaoggi.it\/website\/wp-json\/wp\/v2\/media\/17021"}],"wp:attachment":[{"href":"https:\/\/www.messinaoggi.it\/website\/wp-json\/wp\/v2\/media?parent=17020"}],"wp:term":[{"taxonomy":"category","embeddable":true,"href":"https:\/\/www.messinaoggi.it\/website\/wp-json\/wp\/v2\/categories?post=17020"},{"taxonomy":"post_tag","embeddable":true,"href":"https:\/\/www.messinaoggi.it\/website\/wp-json\/wp\/v2\/tags?post=17020"}],"curies":[{"name":"wp","href":"https:\/\/api.w.org\/{rel}","templated":true}]}}