{"id":17017,"date":"2018-03-17T09:11:09","date_gmt":"2018-03-17T08:11:09","guid":{"rendered":"http:\/\/www.messinaoggi.it\/website\/?p=17017"},"modified":"2018-03-17T09:11:09","modified_gmt":"2018-03-17T08:11:09","slug":"verso-le-amministrative-il-pd-decide-di-non-decidere","status":"publish","type":"post","link":"https:\/\/www.messinaoggi.it\/website\/2018\/03\/17\/verso-le-amministrative-il-pd-decide-di-non-decidere\/","title":{"rendered":"Verso le amministrative, il Pd decide di non decidere"},"content":{"rendered":"<p style=\"text-align: justify;\">Continuano ad esserci delle fosche nubi sul futuro del Partito Democratico e di tutto il centrosinistra (quale?). La direzione provinciale del partito si \u00e8 riunita ieri pomeriggio, ma il tutto si \u00e8 concluso con un nulla di fatto, visto che da questo incontro non \u00e8 uscito fuori il nome su cui si dovrebbe puntare per rilanciare le sorti della coalizione in vista delle amministrative. Il programma prima del candidato sindaco, queste le priorit\u00e0 di un partito che continua a muoversi con elefantiaca difficolt\u00e0, ma che di fatto sta cercando di capire da dove poter ricominciare un\u2019opera di ricostruzione che per\u00f2 non pu\u00f2 richiedere ulteriore tempo: in politica il 10 giugno \u00e8 dietro l\u2019angolo.<div id=\"div-gpt-ad-Messinaoggi.it-DSK-300x250-corpoart\" style=\"text-align:center;margin:0 auto;\"><\/div><\/p>\n<p style=\"text-align: justify;\">Dalla prossima settimana si formeranno dei tavoli tecnici programmatici, l\u2019idea \u00e8 quella di coinvolgere non solo tutte le componenti del partito ma anche tutti quei pezzi di societ\u00e0 civile che non si rivedono nel centrodestra, ma che vogliono fornire un\u2019alternativa al Movimento 5 Stelle e all\u2019esperienza accorintiana. Da questi incontri dovrebbe venir fuori il programma da sottoporre agli alleati. Gi\u00e0 ma quali alleati? Mentre Liberi e Uguali sta alla finestra, la grande incognita si chiama Sicilia Futura. Questo continuo tergiversare, viene visto dal gruppo Picciolo, assente alll\u2019incontro, come un guanto di sfida lanciato dalla corrente accademica guidata dall\u2019onorevole Pietro Navarra, magari per accelerare quel processo di rottura che sembra ormai insanabile.<div id=\"videoincontent\" style=\"clear:both\";><\/div><\/p>\n<p style=\"text-align: justify;\">L\u2019ex deputato regionale \u00e8 uscito allo scoperto, ha mostrato chiaramente il proprio malcontento verso una situazione di stallo che non fa altro che ampliare quella crisi su cui sembra piombato l\u2019intero partito all\u2019indomani del 4 marzo. Molto ci si aspettava dall\u2019incontro di venerd\u00ec sera, invece il tutto ha preso la forma della classica montagna che ha partorito il topolino e la ricomposizione del quadro sembra ormai un\u2019ipotesi remota. Marted\u00ec si riunir\u00e0 il direttivo di Sicilia Futura, l\u00ec si dovr\u00e0 decidere da che parte stare mentre si fanno sempre pi\u00f9 suadenti le sirene provenienti dal progetto di un centrodestra che avrebbe in Dino Bramanti il futuro candidato alla poltrona di sindaco.<\/p>\n","protected":false},"excerpt":{"rendered":"<p>Continuano ad esserci delle fosche nubi sul futuro del Partito Democratico e di tutto il centrosinistra (quale?). La direzione provinciale del partito si \u00e8 riunita ieri pomeriggio, ma il tutto si \u00e8 concluso con un nulla di fatto, visto che da questo incontro non \u00e8 uscito fuori il nome su cui si dovrebbe puntare per [&hellip;]<\/p>\n","protected":false},"author":14,"featured_media":15162,"comment_status":"closed","ping_status":"open","sticky":false,"template":"","format":"standard","meta":{"ub_ctt_via":"","_mi_skip_tracking":false},"categories":[6],"tags":[],"featured_image_src":"https:\/\/www.messinaoggi.it\/website\/wp-content\/uploads\/2018\/02\/pd-RRP_2106-1.jpg","author_info":{"display_name":"Antonio Macauda","author_link":"https:\/\/www.messinaoggi.it\/website\/author\/a-macauda\/"},"digistream_id":0,"digistream":false,"_links":{"self":[{"href":"https:\/\/www.messinaoggi.it\/website\/wp-json\/wp\/v2\/posts\/17017"}],"collection":[{"href":"https:\/\/www.messinaoggi.it\/website\/wp-json\/wp\/v2\/posts"}],"about":[{"href":"https:\/\/www.messinaoggi.it\/website\/wp-json\/wp\/v2\/types\/post"}],"author":[{"embeddable":true,"href":"https:\/\/www.messinaoggi.it\/website\/wp-json\/wp\/v2\/users\/14"}],"replies":[{"embeddable":true,"href":"https:\/\/www.messinaoggi.it\/website\/wp-json\/wp\/v2\/comments?post=17017"}],"version-history":[{"count":0,"href":"https:\/\/www.messinaoggi.it\/website\/wp-json\/wp\/v2\/posts\/17017\/revisions"}],"wp:featuredmedia":[{"embeddable":true,"href":"https:\/\/www.messinaoggi.it\/website\/wp-json\/wp\/v2\/media\/15162"}],"wp:attachment":[{"href":"https:\/\/www.messinaoggi.it\/website\/wp-json\/wp\/v2\/media?parent=17017"}],"wp:term":[{"taxonomy":"category","embeddable":true,"href":"https:\/\/www.messinaoggi.it\/website\/wp-json\/wp\/v2\/categories?post=17017"},{"taxonomy":"post_tag","embeddable":true,"href":"https:\/\/www.messinaoggi.it\/website\/wp-json\/wp\/v2\/tags?post=17017"}],"curies":[{"name":"wp","href":"https:\/\/api.w.org\/{rel}","templated":true}]}}