{"id":17012,"date":"2018-03-16T19:49:36","date_gmt":"2018-03-16T18:49:36","guid":{"rendered":"http:\/\/www.messinaoggi.it\/website\/?p=17012"},"modified":"2018-03-16T19:49:36","modified_gmt":"2018-03-16T18:49:36","slug":"eccellenza-i-19-convocati-del-citta-di-messina-per-il-derby","status":"publish","type":"post","link":"https:\/\/www.messinaoggi.it\/website\/2018\/03\/16\/eccellenza-i-19-convocati-del-citta-di-messina-per-il-derby\/","title":{"rendered":"Eccellenza, i 19 convocati del Citt\u00e0 di Messina per il derby"},"content":{"rendered":"<p style=\"text-align: justify\">Infortunati <a href=\"https:\/\/www.facebook.com\/giovanni.ginago.31?fref=mentions\">Giovanni Ginag\u00f2<\/a>, <a href=\"https:\/\/www.facebook.com\/lossenizoumy.fofana.1?fref=mentions\">Losseni Zoumy Fofana<\/a> e <a href=\"https:\/\/www.facebook.com\/davide.leo.520?fref=mentions\">Davide Leo<\/a>, squalificato <a href=\"https:\/\/www.facebook.com\/fabrizio.filistad?fref=mentions\">Fabrizio Filistad<\/a>. Sono queste le defezioni con cui il Citt\u00e0 di Messina dovr\u00e0 fare i conti nell&#8217;anticipo casalingo di domani pomeriggio contro il Pistunina. Tuttavia, da parte giallorossa, c&#8217;\u00e8 tutta l&#8217;intenzione di chiudere al pi\u00f9 presto sul piano matematico la pratica del ritorno in Serie D. Un fatto davvero impensabile, a inizio stagione, allorquando si partiva da semplice matricola nel girone B di Eccellenza. E invece, col passare delle settimane, grazie a un crescendo davvero entusiasmante, Peppe Furnari ha saputo pilotare con grande capacit\u00e0 il gruppo verso un traguardo insperato.<div id=\"div-gpt-ad-Messinaoggi.it-DSK-300x250-corpoart\" style=\"text-align:center;margin:0 auto;\"><\/div><\/p>\n<p style=\"text-align: justify\">Di seguito i 19 uomini scelti dal bravo\u00a0mister.<div id=\"videoincontent\" style=\"clear:both\";><\/div><\/p>\n<p style=\"text-align: justify\">PORTIERI: <a href=\"https:\/\/www.facebook.com\/sebapater22?fref=mentions\">Sebastiano Paterniti<\/a>, <a href=\"https:\/\/www.facebook.com\/andrea.maisanoa?fref=mentions\">Andrea Maisano<\/a>;<br \/>\nDIFENSORI: <a href=\"https:\/\/www.facebook.com\/salvatore.leo.39?fref=mentions\">Salvatore Leo<\/a>, <a href=\"https:\/\/www.facebook.com\/domenico.bombara.9?fref=mentions\">Domenico Bombara<\/a>, <a href=\"https:\/\/www.facebook.com\/alessandro.fragapane.18?fref=mentions\">Alessandro Fragapane<\/a>, <a href=\"https:\/\/www.facebook.com\/francesco.distefano.351?fref=mentions\">Francesco Di Stefano<\/a>, <a href=\"https:\/\/www.facebook.com\/daniele.porcino?fref=mentions\">Daniele Porcino<\/a>;&#8230;<br \/>\nCENTROCAMPISTI: Antonino Alessandro, <a href=\"https:\/\/www.facebook.com\/francesco.calcagno.7505?fref=mentions\">Francesco Calcagno<\/a>, <a href=\"https:\/\/www.facebook.com\/francesco.cardia.982?fref=mentions\">Francesco Cardia<\/a>, <a href=\"https:\/\/www.facebook.com\/quintoni.giuseppe?fref=mentions\">Quintoni Giuseppe<\/a>, <a href=\"https:\/\/www.facebook.com\/sergio.silvestri.581?fref=mentions\">Sergio Silvestri<\/a>, <a href=\"https:\/\/www.facebook.com\/peppe.costa.16?fref=mentions\">Peppe Costa<\/a>;<br \/>\nATTACCANTI: <a href=\"https:\/\/www.facebook.com\/rosariorasa?fref=mentions\">Rosario Rasa&#8217;<\/a>, <a href=\"https:\/\/www.facebook.com\/francesco.lacorte.3?fref=mentions\">Francesco La Corte<\/a>, <a href=\"https:\/\/www.facebook.com\/damiano.logiudice.5?fref=mentions\">Damiano Lo Giudice<\/a>, <a href=\"https:\/\/www.facebook.com\/Atataaa?fref=mentions\">Alessandro Codagnone<\/a>, <a href=\"https:\/\/www.facebook.com\/pasquale.princi7?fref=mentions\">Pasquale Princi<\/a>, <a href=\"https:\/\/www.facebook.com\/enrico.divincenzo?fref=mentions\">Santi Enrico Di Vincenzo<\/a>.<\/p>\n<p style=\"text-align: justify\">\n","protected":false},"excerpt":{"rendered":"<p>Infortunati Giovanni Ginag\u00f2, Losseni Zoumy Fofana e Davide Leo, squalificato Fabrizio Filistad. Sono queste le defezioni con cui il Citt\u00e0 di Messina dovr\u00e0 fare i conti nell&#8217;anticipo casalingo di domani pomeriggio contro il Pistunina. Tuttavia, da parte giallorossa, c&#8217;\u00e8 tutta l&#8217;intenzione di chiudere al pi\u00f9 presto sul piano matematico la pratica del ritorno in Serie [&hellip;]<\/p>\n","protected":false},"author":2,"featured_media":17013,"comment_status":"closed","ping_status":"open","sticky":false,"template":"","format":"standard","meta":{"ub_ctt_via":"","_mi_skip_tracking":false},"categories":[10,9],"tags":[],"featured_image_src":"https:\/\/www.messinaoggi.it\/website\/wp-content\/uploads\/2018\/03\/29314206_959138000920603_6408357759892324352_n-1.jpg","author_info":{"display_name":"Redazione","author_link":"https:\/\/www.messinaoggi.it\/website\/author\/redazione\/"},"digistream_id":0,"digistream":false,"_links":{"self":[{"href":"https:\/\/www.messinaoggi.it\/website\/wp-json\/wp\/v2\/posts\/17012"}],"collection":[{"href":"https:\/\/www.messinaoggi.it\/website\/wp-json\/wp\/v2\/posts"}],"about":[{"href":"https:\/\/www.messinaoggi.it\/website\/wp-json\/wp\/v2\/types\/post"}],"author":[{"embeddable":true,"href":"https:\/\/www.messinaoggi.it\/website\/wp-json\/wp\/v2\/users\/2"}],"replies":[{"embeddable":true,"href":"https:\/\/www.messinaoggi.it\/website\/wp-json\/wp\/v2\/comments?post=17012"}],"version-history":[{"count":0,"href":"https:\/\/www.messinaoggi.it\/website\/wp-json\/wp\/v2\/posts\/17012\/revisions"}],"wp:featuredmedia":[{"embeddable":true,"href":"https:\/\/www.messinaoggi.it\/website\/wp-json\/wp\/v2\/media\/17013"}],"wp:attachment":[{"href":"https:\/\/www.messinaoggi.it\/website\/wp-json\/wp\/v2\/media?parent=17012"}],"wp:term":[{"taxonomy":"category","embeddable":true,"href":"https:\/\/www.messinaoggi.it\/website\/wp-json\/wp\/v2\/categories?post=17012"},{"taxonomy":"post_tag","embeddable":true,"href":"https:\/\/www.messinaoggi.it\/website\/wp-json\/wp\/v2\/tags?post=17012"}],"curies":[{"name":"wp","href":"https:\/\/api.w.org\/{rel}","templated":true}]}}