{"id":170119,"date":"2023-09-23T10:01:48","date_gmt":"2023-09-23T08:01:48","guid":{"rendered":"http:\/\/www.messinaoggi.it\/website\/?p=170119"},"modified":"2023-09-23T10:02:40","modified_gmt":"2023-09-23T08:02:40","slug":"incendi-nel-messinese-grasso-chiedero-lo-stato-di-emergenza-e-crisi","status":"publish","type":"post","link":"https:\/\/www.messinaoggi.it\/website\/2023\/09\/23\/incendi-nel-messinese-grasso-chiedero-lo-stato-di-emergenza-e-crisi\/","title":{"rendered":"Incendi nel Messinese, Grasso: \u201cChieder\u00f2 lo stato di emergenza e crisi\u201d"},"content":{"rendered":"\n<p>La nuova ondata di incendi che sta colpendo diversi comuni della fascia tirrenica messinese finisce nei banchi della Regione. La deputata regionale di Forza Italia nonch\u00e9 vicepresidente della Commissione Ambiente e Territorio all&#8217;Ars, Bernadette Grasso, ha infatti reso noto che proporr\u00e0 al presidente della Regione Renato Schifani di istituire lo stato di crisi e di emergenza, oltre che nominare un commissario per la verifica dei danni subiti e quindi velocizzare le procedure per la concessione dei ristori.<div id=\"div-gpt-ad-Messinaoggi.it-DSK-300x250-corpoart\" style=\"text-align:center;margin:0 auto;\"><\/div><\/p>\n\n\n\n<p>&#8220;Quella di ieri \u00e8 stata una giornata drammatica per la Sicilia a causa degli incendi che hanno seminato il panico. \u2013 dichiara Grasso &#8211; Anche il messinese non \u00e8 stato risparmiato. Dai Nebrodi alla fascia tirrenica e ionica sono tanti i Comuni coinvolti. A Militello Rosmarino, 60 famiglie hanno dovuto evacuare le proprie abitazioni. Si registrano disagi anche a Tusa, Naso, Sinagra, Ficarra, Brolo, Patti, Barcellona, Gioiosa Marea, Sant&#8217;Agata di Militello e stamattina anche Mistretta. Ringrazio i vigili del fuoco, la Protezione civile, i forestali e tutti i volontari tutt&#8217;ora impegnati a fronteggiare la criticit\u00e0. Da ieri sono in costante contatto con i sindaci dei tanti comuni coinvolti e con il presidente Schifani che si \u00e8 subito sincerato di quanto stava accadendo. In virt\u00f9 dell\u2019art. 3 della legge n.13\/2020 \u2013 norma da me proposta e approvata nella scorsa Legislatura &#8211; il presidente della Regione, pu\u00f2 dichiarare lo Stato di crisi e di emergenza, nominare un Commissario per la verifica dei danni subiti e quindi velocizzare le procedure per la concessione dei ristori. \u00c8 quello che pertanto chieder\u00f2 adesso: che sia applicata la norma e dichiarato lo Stato di Emergenza e di Crisi.<div id=\"videoincontent\" style=\"clear:both\";><\/div><\/p>\n\n\n\n<p>\u201cSono certa che anche questa volta il Governo regionale verr\u00e0 incontro alle necessit\u00e0 del territorio, verificando i danni ambientali, agli immobili e ai servizi (penso a quelli subiti dalle condutture). Anticipo, inoltre, in qualit\u00e0 di vicepresidente della Commissione Ambiente e Territorio all&#8217;Ars, che nei prossimi giorni chieder\u00f2 una speciale audizione sull&#8217;argomento, in quanto la programmazione comunitaria 2021\/2027 prevede lo stanziamento di ingenti risorse a tutela dell\u2019ambiente&#8221;.<\/p>\n","protected":false},"excerpt":{"rendered":"<p>La nuova ondata di incendi che sta colpendo diversi comuni della fascia tirrenica messinese finisce nei banchi della Regione. La deputata regionale di Forza Italia nonch\u00e9 vicepresidente della Commissione Ambiente e Territorio all&#8217;Ars, Bernadette Grasso, ha infatti reso noto che proporr\u00e0 al presidente della Regione Renato Schifani di istituire lo stato di crisi e di [&hellip;]<\/p>\n","protected":false},"author":8,"featured_media":2211,"comment_status":"open","ping_status":"open","sticky":false,"template":"","format":"standard","meta":{"ub_ctt_via":"","_mi_skip_tracking":false},"categories":[6],"tags":[1525,2134,1817,5782],"featured_image_src":"https:\/\/www.messinaoggi.it\/website\/wp-content\/uploads\/2017\/06\/grasso-bernadette-deputato-2.jpg","author_info":{"display_name":"red..me","author_link":"https:\/\/www.messinaoggi.it\/website\/author\/redstage\/"},"digistream_id":0,"digistream":false,"_links":{"self":[{"href":"https:\/\/www.messinaoggi.it\/website\/wp-json\/wp\/v2\/posts\/170119"}],"collection":[{"href":"https:\/\/www.messinaoggi.it\/website\/wp-json\/wp\/v2\/posts"}],"about":[{"href":"https:\/\/www.messinaoggi.it\/website\/wp-json\/wp\/v2\/types\/post"}],"author":[{"embeddable":true,"href":"https:\/\/www.messinaoggi.it\/website\/wp-json\/wp\/v2\/users\/8"}],"replies":[{"embeddable":true,"href":"https:\/\/www.messinaoggi.it\/website\/wp-json\/wp\/v2\/comments?post=170119"}],"version-history":[{"count":2,"href":"https:\/\/www.messinaoggi.it\/website\/wp-json\/wp\/v2\/posts\/170119\/revisions"}],"predecessor-version":[{"id":170121,"href":"https:\/\/www.messinaoggi.it\/website\/wp-json\/wp\/v2\/posts\/170119\/revisions\/170121"}],"wp:featuredmedia":[{"embeddable":true,"href":"https:\/\/www.messinaoggi.it\/website\/wp-json\/wp\/v2\/media\/2211"}],"wp:attachment":[{"href":"https:\/\/www.messinaoggi.it\/website\/wp-json\/wp\/v2\/media?parent=170119"}],"wp:term":[{"taxonomy":"category","embeddable":true,"href":"https:\/\/www.messinaoggi.it\/website\/wp-json\/wp\/v2\/categories?post=170119"},{"taxonomy":"post_tag","embeddable":true,"href":"https:\/\/www.messinaoggi.it\/website\/wp-json\/wp\/v2\/tags?post=170119"}],"curies":[{"name":"wp","href":"https:\/\/api.w.org\/{rel}","templated":true}]}}