{"id":170111,"date":"2023-09-23T09:22:17","date_gmt":"2023-09-23T07:22:17","guid":{"rendered":"http:\/\/www.messinaoggi.it\/website\/?p=170111"},"modified":"2023-09-23T09:22:18","modified_gmt":"2023-09-23T07:22:18","slug":"sanita-la-uil-fpl-perpelessa-per-incarico-dirigenziale-a-mistretta","status":"publish","type":"post","link":"https:\/\/www.messinaoggi.it\/website\/2023\/09\/23\/sanita-la-uil-fpl-perpelessa-per-incarico-dirigenziale-a-mistretta\/","title":{"rendered":"Sanit\u00e0, la Uil-Fpl perpelessa per incarico dirigenziale a Mistretta"},"content":{"rendered":"\n<p>La Uil-Fpl di Messina esprima perplessit\u00e0 per le modalit\u00e0 con le quali \u00e8 stato conferito un incarico \u201clampo\u201d di direzione di una struttura semplice all\u2019ospedale di Mistretta. Livio Andronico, segretario della Uil-Fpl di Messina, ha siglato una nota indirizzata al Commissaro dell\u2019Asp di Messina e ai vertici regionali dell\u2019assessorato alla Salute,.<div id=\"div-gpt-ad-Messinaoggi.it-DSK-300x250-corpoart\" style=\"text-align:center;margin:0 auto;\"><\/div><\/p>\n\n\n\n<p>\u201cLa scrivente Organizzazione Sindacale, in merito alla deliberazione n. 3619\/CS del 15 settembre  2023, con la quale Codesta Amministrazione ha conferito incarico quinquennale per la Gestione  della U.O.S.D. di Anestesia\/Sala Operatoria, presso l\u2019ospedale di Mistretta, afferente al Dipartimento  Funzionale dei Servizi, esprime notevoli perplessit\u00e0 in merito alla ipervelocit\u00e0 adottata per concludere la procedura del conferimento dell\u2019incarico.  Infatti, l\u2019avviso interno per il conferimento di tale incarico \u00e8 stato pubblicato da codesta azienda  in data 08\/06\/2023 e la medesima procedura \u00e8 stata completata con l\u2019adozione della succitata  delibera. Tutto ci\u00f2 appare alquanto singolare stante che, cos\u00ec come affermato nella Circolare  Assessoriale del 4 agosto 2023, a firma dell\u2019Assessore alla Salute e del Direttore Generale Dott.  Salvatore Iacolino, i Commissari Straordinari, avrebbero dovuto evitare, tranne per i casi di  estrema urgenza di procedere a nomine di Dirigenti di Direttori di Strutture Complesse delle  Aziende Sanitarie Regionali.  Infatti, da circa dodici anni, nonostante l\u2019assenza del Dirigente responsabile di U.O.S.D., il  percorso clinico assistenziale \u00e8 stato ugualmente garantito.  A parere della scrivente Organizzazione Sindacale, nel divieto Assessoriale, rientrano anche i  conferimenti di incarichi di Struttura Semplice Dipartimentale, non fosse altro che per la grande  valenza organizzativa e gestionale che le stesse hanno nell\u2019ambito dei modelli organizzativi delle  varie aziende sanitarie regionali, sulla stessa stregua delle Strutture Complesse (assegnazione di  budget, capacit\u00e0 finanziaria etc). Pertanto, la scrivente Organizzazione Sindacale, chiede alle SS.LL. in indirizzo, di verificare con  urgenza se tale incarico poteva rientrare fra quelli di cui al divieto previsto dalla direttiva del 4  agosto2023 in quanto, i Commissari Straordinari, conferendo incarico di tale valenza di durata  quinquennale, impegnano di fatto i futuri Manager che saranno nominato da codesta  Amministrazione Regionale\u201d.<div id=\"videoincontent\" style=\"clear:both\";><\/div><\/p>\n\n\n\n<p>Conclude la nota sindacale.\u00a0<\/p>\n","protected":false},"excerpt":{"rendered":"<p>La Uil-Fpl di Messina esprima perplessit\u00e0 per le modalit\u00e0 con le quali \u00e8 stato conferito un incarico \u201clampo\u201d di direzione di una struttura semplice all\u2019ospedale di Mistretta. Livio Andronico, segretario della Uil-Fpl di Messina, ha siglato una nota indirizzata al Commissaro dell\u2019Asp di Messina e ai vertici regionali dell\u2019assessorato alla Salute,. \u201cLa scrivente Organizzazione Sindacale, [&hellip;]<\/p>\n","protected":false},"author":2,"featured_media":114613,"comment_status":"open","ping_status":"open","sticky":false,"template":"","format":"standard","meta":{"ub_ctt_via":"","_mi_skip_tracking":false},"categories":[13,18],"tags":[2462,5022,3555],"featured_image_src":"https:\/\/www.messinaoggi.it\/website\/wp-content\/uploads\/2022\/07\/unnamed-5-scaled.jpg","author_info":{"display_name":"Redazione","author_link":"https:\/\/www.messinaoggi.it\/website\/author\/redazione\/"},"digistream_id":0,"digistream":false,"_links":{"self":[{"href":"https:\/\/www.messinaoggi.it\/website\/wp-json\/wp\/v2\/posts\/170111"}],"collection":[{"href":"https:\/\/www.messinaoggi.it\/website\/wp-json\/wp\/v2\/posts"}],"about":[{"href":"https:\/\/www.messinaoggi.it\/website\/wp-json\/wp\/v2\/types\/post"}],"author":[{"embeddable":true,"href":"https:\/\/www.messinaoggi.it\/website\/wp-json\/wp\/v2\/users\/2"}],"replies":[{"embeddable":true,"href":"https:\/\/www.messinaoggi.it\/website\/wp-json\/wp\/v2\/comments?post=170111"}],"version-history":[{"count":1,"href":"https:\/\/www.messinaoggi.it\/website\/wp-json\/wp\/v2\/posts\/170111\/revisions"}],"predecessor-version":[{"id":170113,"href":"https:\/\/www.messinaoggi.it\/website\/wp-json\/wp\/v2\/posts\/170111\/revisions\/170113"}],"wp:featuredmedia":[{"embeddable":true,"href":"https:\/\/www.messinaoggi.it\/website\/wp-json\/wp\/v2\/media\/114613"}],"wp:attachment":[{"href":"https:\/\/www.messinaoggi.it\/website\/wp-json\/wp\/v2\/media?parent=170111"}],"wp:term":[{"taxonomy":"category","embeddable":true,"href":"https:\/\/www.messinaoggi.it\/website\/wp-json\/wp\/v2\/categories?post=170111"},{"taxonomy":"post_tag","embeddable":true,"href":"https:\/\/www.messinaoggi.it\/website\/wp-json\/wp\/v2\/tags?post=170111"}],"curies":[{"name":"wp","href":"https:\/\/api.w.org\/{rel}","templated":true}]}}