{"id":169959,"date":"2023-09-22T10:33:16","date_gmt":"2023-09-22T08:33:16","guid":{"rendered":"http:\/\/www.messinaoggi.it\/website\/?p=169959"},"modified":"2023-09-22T10:33:18","modified_gmt":"2023-09-22T08:33:18","slug":"amam-torna-ad-assumere-giovani-ecco-come-candidarsi","status":"publish","type":"post","link":"https:\/\/www.messinaoggi.it\/website\/2023\/09\/22\/amam-torna-ad-assumere-giovani-ecco-come-candidarsi\/","title":{"rendered":"Amam torna ad assumere giovani: ecco come candidarsi"},"content":{"rendered":"\n<p>Pubblicato l\u2019avviso per la selezione pubblica di 8 apprendisti da reclutare in Amam. Il bando \u00e8 aperto ai giovani di et\u00e0 compresa tra i 18 e i 29 anni da inquadrare al livello 3\u00b0 del CCNL Gas Acqua e che conseguiranno la qualifica di \u201cAddetto tecnico \u2013 amministrativo\u201d. La figura dovr\u00e0 provvedere, nel rispetto della normativa, agli adempimenti di carattere tecnico-amministrativo, quali redazione, controllo ed archiviazione documentazione, raccolta ed inserimento dati nell\u2019ambito degli Uffici amministrativi e tecnici aziendali.<div id=\"div-gpt-ad-Messinaoggi.it-DSK-300x250-corpoart\" style=\"text-align:center;margin:0 auto;\"><\/div><\/p>\n\n\n\n<p><strong>Requisiti.<\/strong> Oltre a non aver gi\u00e0 compiuto il trentesimo anno di et\u00e0, \u00e8 richiesto il possesso del diploma di Istruzione di secondo grado. Sar\u00e0 considerato titolo particolarmente qualificante aver maturato esperienza\/tirocini con societ\u00e0 partecipate, pubbliche o private \u2013 operanti nel settore del servizio idrico integrato, nonch\u00e9 il possesso di competenze informatiche (uso programmi\/applicativi) con particolare riguardo ai software di fatturazione e recupero crediti, contabilit\u00e0, gestione del personale, gare e appalti) e digitali (internet, uso ricerche, pacchetto office, posta elettronica, ecc.).<div id=\"videoincontent\" style=\"clear:both\";><\/div><\/p>\n\n\n\n<p><strong>Come candidarsi.<\/strong> La partecipazione alla selezione avviene esclusivamente mediante compilazione di domanda on-line e previa registrazione alla piattaforma digitale e dovr\u00e0 pervenire, a pena di esclusione dalla procedura, entro il termine perentorio delle ore 23:59 del trentesimo giorno consecutivo successivo a quello della pubblicazione.<\/p>\n\n\n\n<p>Il candidato, per poter presentare la propria candidatura, deve obbligatoriamente essere in possesso dello SPID. I candidati che intendono partecipare alla selezione devono registrarsi utilizzando, esclusivamente ed a pena di esclusione, il seguente link https:\/\/candidaturespid.software-ales.it. Una volta registrato sulla piattaforma e selezionata la voce \u201cVisualizza Concorsi Attivi\u201d, il candidato dovr\u00e0 scegliere la selezione a cui intende partecipare e seguire la procedura guidata.<\/p>\n\n\n\n<p>Occorre effettuare il versamento del contributo pari a 10 euro, non rimborsabili, intestato ad AMAM S.p.A. utilizzando l\u2019IBAN IT29M0503616500CC0651324860 BANCA AGRICOLA POPOLARE DI RAGUSA con causale: APPRENDISTATO PROFESSIONALIZZANTE 3\u00b0 CCNL GASACQUA e nome e cognome del candidato (la ricevuta di avvenuto versamento deve essere allegata alla domanda di partecipazione).<\/p>\n\n\n\n<p>I candidati devono allegare al modulo di domanda, obbligatoriamente ed a pena di esclusione: &#8211; la copia fotostatica (non autenticata) di un valido documento di riconoscimento (carta d\u2019identit\u00e0 o patente di guida o passaporto); &#8211; la ricevuta di avvenuto versamento del contributo di concorso; &#8211; il curriculum vitae del candidato\/a, che non sar\u00e0 valutato dalla Commissione ai fini dell\u2019attribuzione del punteggio relativo, come meglio precisato all\u2019art. 5 del presente Bando. &#8211; Attestati di formazione\/tirocini\/esperienza professionale nonch\u00e9 attestati di qualunque altra competenza acquisita.<\/p>\n\n\n\n<p>Per maggiori informazioni su requisiti e modalit\u00e0 per partecipare al bando <strong><a href=\"https:\/\/www.amam.it\/selezione-pubblica-per-titoli-ed-esami-per-il-reclutamento-din-8-figure-con-contratto-di-apprendistato-professionalizzante-per-il-conseguimento-della-qualifica-di-addetto-tecnico\/\">clicca qui<\/a><\/strong>. <\/p>\n","protected":false},"excerpt":{"rendered":"<p>Pubblicato l\u2019avviso per la selezione pubblica di 8 apprendisti da reclutare in Amam. Il bando \u00e8 aperto ai giovani di et\u00e0 compresa tra i 18 e i 29 anni da inquadrare al livello 3\u00b0 del CCNL Gas Acqua e che conseguiranno la qualifica di \u201cAddetto tecnico \u2013 amministrativo\u201d. La figura dovr\u00e0 provvedere, nel rispetto della [&hellip;]<\/p>\n","protected":false},"author":8,"featured_media":0,"comment_status":"open","ping_status":"open","sticky":false,"template":"","format":"standard","meta":{"ub_ctt_via":"","_mi_skip_tracking":false},"categories":[6],"tags":[1080,5432],"featured_image_src":null,"author_info":{"display_name":"red..me","author_link":"https:\/\/www.messinaoggi.it\/website\/author\/redstage\/"},"digistream_id":0,"digistream":false,"_links":{"self":[{"href":"https:\/\/www.messinaoggi.it\/website\/wp-json\/wp\/v2\/posts\/169959"}],"collection":[{"href":"https:\/\/www.messinaoggi.it\/website\/wp-json\/wp\/v2\/posts"}],"about":[{"href":"https:\/\/www.messinaoggi.it\/website\/wp-json\/wp\/v2\/types\/post"}],"author":[{"embeddable":true,"href":"https:\/\/www.messinaoggi.it\/website\/wp-json\/wp\/v2\/users\/8"}],"replies":[{"embeddable":true,"href":"https:\/\/www.messinaoggi.it\/website\/wp-json\/wp\/v2\/comments?post=169959"}],"version-history":[{"count":1,"href":"https:\/\/www.messinaoggi.it\/website\/wp-json\/wp\/v2\/posts\/169959\/revisions"}],"predecessor-version":[{"id":169964,"href":"https:\/\/www.messinaoggi.it\/website\/wp-json\/wp\/v2\/posts\/169959\/revisions\/169964"}],"wp:attachment":[{"href":"https:\/\/www.messinaoggi.it\/website\/wp-json\/wp\/v2\/media?parent=169959"}],"wp:term":[{"taxonomy":"category","embeddable":true,"href":"https:\/\/www.messinaoggi.it\/website\/wp-json\/wp\/v2\/categories?post=169959"},{"taxonomy":"post_tag","embeddable":true,"href":"https:\/\/www.messinaoggi.it\/website\/wp-json\/wp\/v2\/tags?post=169959"}],"curies":[{"name":"wp","href":"https:\/\/api.w.org\/{rel}","templated":true}]}}