{"id":16988,"date":"2018-03-16T15:37:20","date_gmt":"2018-03-16T14:37:20","guid":{"rendered":"http:\/\/www.messinaoggi.it\/website\/?p=16988"},"modified":"2018-03-16T15:37:20","modified_gmt":"2018-03-16T14:37:20","slug":"eccellenza-il-pistunina-non-resiste-al-richiamo-della-foresta-torna-il-veterano-classe-79","status":"publish","type":"post","link":"https:\/\/www.messinaoggi.it\/website\/2018\/03\/16\/eccellenza-il-pistunina-non-resiste-al-richiamo-della-foresta-torna-il-veterano-classe-79\/","title":{"rendered":"Eccellenza, il Pistunina non resiste al richiamo della&#8230;. Foresta: torna il veterano classe &#039;79"},"content":{"rendered":"<p style=\"text-align: justify\">Oggi niente allenamento di rifinitura per il <strong>Pistunina<\/strong>: l&#8217;allenatore Ezio Raciti, avendo forse visto i suoi gi\u00e0 abbastanza &#8220;carichi&#8221; in vista del derby di domani con il Citt\u00e0 di Messina (ore 15, appuntamento al &#8220;Garden Sport&#8221;) &#8211; nella quale peraltro non potr\u00e0 sedere in panchina (squalificato sino al 5 aprile, a seguito dell&#8217;espulsione rimediata nella sfida casalinga persa domenica scorsa con il Patern\u00f2), si \u00e8 convinto dell&#8217;opportunit\u00e0 di risparmiare alla squadra l&#8217;ultima seduta di lavoro.<div id=\"div-gpt-ad-Messinaoggi.it-DSK-300x250-corpoart\" style=\"text-align:center;margin:0 auto;\"><\/div><\/p>\n<p style=\"text-align: justify\">E cos\u00ec gi\u00e0 oggi, in via eccezionale, \u00e8 stata diramata dal direttore sportivo Raimondo Mortelliti la lista dei convocati, nella quale colpisce subito un&#8217;inattesa e clamorosa: l&#8217;arruolamento del veterano di mille battaglie <strong>Mario Foresta<\/strong>, difensore classe &#8217;79 (compir\u00e0 39 anni il prossimo 12 settembre) al debutto stagionale. Una chiamata ufficializzata in vista dell&#8217;imminente stracittadina, lui che \u00e8 abituato da una vita a vivere &#8211; e sempre in prima linea &#8211; il clima dei derby. &#8220;Abbiamo chiesto a Mario di darci una mano in quanto Caldore pur essendo stato convocato, forse non riuscir\u00e0 a recuperare&#8221;, \u00e8 la motivazione esposta dal diesse Mortelliti.<div id=\"videoincontent\" style=\"clear:both\";><\/div><\/p>\n<p style=\"text-align: justify\">Di seguito l&#8217;elenco dei 20 convocati del Pistunina.<\/p>\n<p style=\"text-align: justify\">Portieri: Vitale, Stracuzzi.<\/p>\n<p style=\"text-align: justify\">Difensore: D&#8217;Angelo, Keita Pa&#8217;, Caldore, Chiglien, Ardiri, Sergi, Giacopello, Foresta.<\/p>\n<p style=\"text-align: justify\">Centrocampisti: Colucci, Visconti, Bellamacina, Di Maggio, Luigi Lo Giudice.<\/p>\n<p style=\"text-align: justify\">Attaccanti: Marziale, Ghartey, Ancione, Miuccio, Minissale.<\/p>\n<p style=\"text-align: justify\">Citt\u00e0 di Messina-Pistunina, altra novit\u00e0 emersa dalle designazioni arbitrata, \u00e8 stata affidata a una diretrice di gara d&#8217;oltre Stretto inquadrata nei ruoli C.A.I. (Commissione Arbitri Interregionale): \u00e8 Stefania Genoveffa Signorelli delle sezione di Paola (Cosenza), che sar\u00e0 assistita da Federico Severino e Antonino Alessio Di Paola entrambi della sezione di Catania.<\/p>\n<p style=\"text-align: justify\">\n","protected":false},"excerpt":{"rendered":"<p>Oggi niente allenamento di rifinitura per il Pistunina: l&#8217;allenatore Ezio Raciti, avendo forse visto i suoi gi\u00e0 abbastanza &#8220;carichi&#8221; in vista del derby di domani con il Citt\u00e0 di Messina (ore 15, appuntamento al &#8220;Garden Sport&#8221;) &#8211; nella quale peraltro non potr\u00e0 sedere in panchina (squalificato sino al 5 aprile, a seguito dell&#8217;espulsione rimediata nella [&hellip;]<\/p>\n","protected":false},"author":2,"featured_media":2649,"comment_status":"closed","ping_status":"open","sticky":false,"template":"","format":"standard","meta":{"ub_ctt_via":"","_mi_skip_tracking":false},"categories":[10,9],"tags":[],"featured_image_src":"https:\/\/www.messinaoggi.it\/website\/wp-content\/uploads\/2017\/06\/Foresta-2.jpg","author_info":{"display_name":"Redazione","author_link":"https:\/\/www.messinaoggi.it\/website\/author\/redazione\/"},"digistream_id":0,"digistream":false,"_links":{"self":[{"href":"https:\/\/www.messinaoggi.it\/website\/wp-json\/wp\/v2\/posts\/16988"}],"collection":[{"href":"https:\/\/www.messinaoggi.it\/website\/wp-json\/wp\/v2\/posts"}],"about":[{"href":"https:\/\/www.messinaoggi.it\/website\/wp-json\/wp\/v2\/types\/post"}],"author":[{"embeddable":true,"href":"https:\/\/www.messinaoggi.it\/website\/wp-json\/wp\/v2\/users\/2"}],"replies":[{"embeddable":true,"href":"https:\/\/www.messinaoggi.it\/website\/wp-json\/wp\/v2\/comments?post=16988"}],"version-history":[{"count":0,"href":"https:\/\/www.messinaoggi.it\/website\/wp-json\/wp\/v2\/posts\/16988\/revisions"}],"wp:featuredmedia":[{"embeddable":true,"href":"https:\/\/www.messinaoggi.it\/website\/wp-json\/wp\/v2\/media\/2649"}],"wp:attachment":[{"href":"https:\/\/www.messinaoggi.it\/website\/wp-json\/wp\/v2\/media?parent=16988"}],"wp:term":[{"taxonomy":"category","embeddable":true,"href":"https:\/\/www.messinaoggi.it\/website\/wp-json\/wp\/v2\/categories?post=16988"},{"taxonomy":"post_tag","embeddable":true,"href":"https:\/\/www.messinaoggi.it\/website\/wp-json\/wp\/v2\/tags?post=16988"}],"curies":[{"name":"wp","href":"https:\/\/api.w.org\/{rel}","templated":true}]}}