{"id":169809,"date":"2023-09-21T11:05:51","date_gmt":"2023-09-21T09:05:51","guid":{"rendered":"http:\/\/www.messinaoggi.it\/website\/?p=169809"},"modified":"2023-09-21T11:05:52","modified_gmt":"2023-09-21T09:05:52","slug":"doppio-incarico-salvo-puccio-anche-alla-citta-metropolitana","status":"publish","type":"post","link":"https:\/\/www.messinaoggi.it\/website\/2023\/09\/21\/doppio-incarico-salvo-puccio-anche-alla-citta-metropolitana\/","title":{"rendered":"Doppio incarico Salvo Puccio, anche alla Citt\u00e0 Metropolitana"},"content":{"rendered":"\n<p>Un nuovo incarico per Salvo Puccio, che si somma a quello che gi\u00e0 gli \u00e8 attribuito in quanto Direttore Generale dell Comune di Messina. Ieri sera il Consiglio Comunale ha approvato, con 15 voti favorevoli, 13 contrari e nessun astenuto, lo schema di convenzione tra Comune e Citt\u00e0 Metropolitana, con cui si affida a Puccio anche l&#8217;incarico di Direttore Generale della ex Provincia. <div id=\"div-gpt-ad-Messinaoggi.it-DSK-300x250-corpoart\" style=\"text-align:center;margin:0 auto;\"><\/div><\/p>\n\n\n\n<p>L&#8217;ex Presidente e Direttore Generale di Amam assume questo nuovo incarico, nonostante le perplessit\u00e0 di chi, come il capogruppo PD Felice Calabr\u00f2,  voleva prendere tempo e rinviare, preoccupato da possibili conflitti di interesse, sollevati anche da alcuni comuni della Provincia. <div id=\"videoincontent\" style=\"clear:both\";><\/div><\/p>\n\n\n\n<p>Segue la stessa strada di Rossana Carrubba, segretaria generale di entrambe le istituzioni. &#8220;Puccio \u00e8 in prima fila nel campo della programmazione dei fondi europei. \u00c8 una figura strategica, e sar\u00e0 in grado di gestire al meglio il doppio ruolo&#8221; ha detto il sindaco Federico Basile. <\/p>\n\n\n\n<p>Percepir\u00e0 180mila euro lordi complessivi dai due enti. <\/p>\n\n\n\n<p><strong>Michele Bruno. <\/strong><\/p>\n","protected":false},"excerpt":{"rendered":"<p>Un nuovo incarico per Salvo Puccio, che si somma a quello che gi\u00e0 gli \u00e8 attribuito in quanto Direttore Generale dell Comune di Messina. Ieri sera il Consiglio Comunale ha approvato, con 15 voti favorevoli, 13 contrari e nessun astenuto, lo schema di convenzione tra Comune e Citt\u00e0 Metropolitana, con cui si affida a Puccio [&hellip;]<\/p>\n","protected":false},"author":123457,"featured_media":149940,"comment_status":"open","ping_status":"open","sticky":false,"template":"","format":"standard","meta":{"ub_ctt_via":"","_mi_skip_tracking":false},"categories":[4],"tags":[4685,25,1181,8726,5977],"featured_image_src":"https:\/\/www.messinaoggi.it\/website\/wp-content\/uploads\/2023\/04\/0-1-4.jpg","author_info":{"display_name":"Michele Bruno","author_link":"https:\/\/www.messinaoggi.it\/website\/author\/michele-bruno\/"},"digistream_id":0,"digistream":false,"_links":{"self":[{"href":"https:\/\/www.messinaoggi.it\/website\/wp-json\/wp\/v2\/posts\/169809"}],"collection":[{"href":"https:\/\/www.messinaoggi.it\/website\/wp-json\/wp\/v2\/posts"}],"about":[{"href":"https:\/\/www.messinaoggi.it\/website\/wp-json\/wp\/v2\/types\/post"}],"author":[{"embeddable":true,"href":"https:\/\/www.messinaoggi.it\/website\/wp-json\/wp\/v2\/users\/123457"}],"replies":[{"embeddable":true,"href":"https:\/\/www.messinaoggi.it\/website\/wp-json\/wp\/v2\/comments?post=169809"}],"version-history":[{"count":1,"href":"https:\/\/www.messinaoggi.it\/website\/wp-json\/wp\/v2\/posts\/169809\/revisions"}],"predecessor-version":[{"id":169810,"href":"https:\/\/www.messinaoggi.it\/website\/wp-json\/wp\/v2\/posts\/169809\/revisions\/169810"}],"wp:featuredmedia":[{"embeddable":true,"href":"https:\/\/www.messinaoggi.it\/website\/wp-json\/wp\/v2\/media\/149940"}],"wp:attachment":[{"href":"https:\/\/www.messinaoggi.it\/website\/wp-json\/wp\/v2\/media?parent=169809"}],"wp:term":[{"taxonomy":"category","embeddable":true,"href":"https:\/\/www.messinaoggi.it\/website\/wp-json\/wp\/v2\/categories?post=169809"},{"taxonomy":"post_tag","embeddable":true,"href":"https:\/\/www.messinaoggi.it\/website\/wp-json\/wp\/v2\/tags?post=169809"}],"curies":[{"name":"wp","href":"https:\/\/api.w.org\/{rel}","templated":true}]}}