{"id":169790,"date":"2023-09-21T08:52:55","date_gmt":"2023-09-21T06:52:55","guid":{"rendered":"http:\/\/www.messinaoggi.it\/website\/?p=169790"},"modified":"2023-09-21T09:14:33","modified_gmt":"2023-09-21T07:14:33","slug":"elezioni-unime-sfuma-la-proroga-per-cuzzocrea","status":"publish","type":"post","link":"https:\/\/www.messinaoggi.it\/website\/2023\/09\/21\/elezioni-unime-sfuma-la-proroga-per-cuzzocrea\/","title":{"rendered":"Elezioni Unime, sfuma la proroga per Cuzzocrea"},"content":{"rendered":"\n<p>Il governo italiano fuga ogni dubbio sulla proroga degli attuali rettori delle universit\u00e0 italiane. Durante un question time che si \u00e8 tenuto ieri alla Camera, la ministra dell&#8217;Universit\u00e0 e della Ricerca Anna Maria Bernini, nel rispondere a una domanda del deputato Giuseppe Castiglione, ha affermato che non \u00e8 nel programma del governo una proroga dei rettori in scadenza: &#8220;Non \u00e8 pervenuta al Ministero alcuna istanza formale relativa alla proroga di mandati ai rettori in scadenza prima del 31 dicembre 2026&#8221;, ha dichiarato.<div id=\"div-gpt-ad-Messinaoggi.it-DSK-300x250-corpoart\" style=\"text-align:center;margin:0 auto;\"><\/div><\/p>\n\n\n\n<p>Da mesi girava voce che per i rettori il cui mandato stava per giungere alla sua naturale scadenza potesse essere decisa una proroga di due anni. La <em>ratio<\/em> di una tale decisione era garantire la necessaria continuit\u00e0 amministrativa per implementare i progetti del Pnrr legati all&#8217;Universit\u00e0, che dovranno essere completati improrogabilmente entro il 2026. Uno scenario di questo tipo avrebbe comportato che il rettore dell&#8217;Universit\u00e0 di Messina, Salvatore Cuzzocrea, sarebbe rimasto a capo della comunit\u00e0 accademica per altri due anni, facendo cos\u00ec saltare l&#8217;attuale competizione elettorale tra la professoressa Giovanna Spatari, che rappresenta la continuit\u00e0 dell&#8217;amministrazione Cuzzocrea, e il professor Michele Limosani, vicino all&#8217;ex rettore Pietro Navarra.<div id=\"videoincontent\" style=\"clear:both\";><\/div><\/p>\n\n\n\n<p>Risolta l&#8217;incognita proroga, resta ancora da chiarire quando effettivamente si terranno le elezioni del prossimo rettore. Salvo imprevisti, si svolgeranno  sicuramente prima di aprile 2024, mese in cui scadr\u00e0 il mandato del rettore Cuzzocrea. Tuttavia, ancora non si sa nulla relativamente al giorno esatto. Il decano Letterio Bonina, il cui pensionamento \u00e8 previsto per il prossimo 29 settembre, sta riprovando a fissare una data per il primo turno elettorale, questa volta al 1\u00b0 dicembre 2023. Resta da capire se ci\u00f2 possa andare bene ai vertici dell&#8217;Ateneo, dato che c&#8217;\u00e8 chi avrebbe da obiettare che le elezioni andrebbero indette dal decano che andr\u00e0 a sostituire Bonina.<\/p>\n","protected":false},"excerpt":{"rendered":"<p>Il governo italiano fuga ogni dubbio sulla proroga degli attuali rettori delle universit\u00e0 italiane. Durante un question time che si \u00e8 tenuto ieri alla Camera, la ministra dell&#8217;Universit\u00e0 e della Ricerca Anna Maria Bernini, nel rispondere a una domanda del deputato Giuseppe Castiglione, ha affermato che non \u00e8 nel programma del governo una proroga dei [&hellip;]<\/p>\n","protected":false},"author":8,"featured_media":44040,"comment_status":"open","ping_status":"open","sticky":false,"template":"","format":"standard","meta":{"ub_ctt_via":"","_mi_skip_tracking":false},"categories":[19],"tags":[8625,8626,5552,1607,814],"featured_image_src":"https:\/\/www.messinaoggi.it\/website\/wp-content\/uploads\/2020\/05\/salvatore-cuzzocrea.jpg","author_info":{"display_name":"red..me","author_link":"https:\/\/www.messinaoggi.it\/website\/author\/redstage\/"},"digistream_id":0,"digistream":false,"_links":{"self":[{"href":"https:\/\/www.messinaoggi.it\/website\/wp-json\/wp\/v2\/posts\/169790"}],"collection":[{"href":"https:\/\/www.messinaoggi.it\/website\/wp-json\/wp\/v2\/posts"}],"about":[{"href":"https:\/\/www.messinaoggi.it\/website\/wp-json\/wp\/v2\/types\/post"}],"author":[{"embeddable":true,"href":"https:\/\/www.messinaoggi.it\/website\/wp-json\/wp\/v2\/users\/8"}],"replies":[{"embeddable":true,"href":"https:\/\/www.messinaoggi.it\/website\/wp-json\/wp\/v2\/comments?post=169790"}],"version-history":[{"count":3,"href":"https:\/\/www.messinaoggi.it\/website\/wp-json\/wp\/v2\/posts\/169790\/revisions"}],"predecessor-version":[{"id":169801,"href":"https:\/\/www.messinaoggi.it\/website\/wp-json\/wp\/v2\/posts\/169790\/revisions\/169801"}],"wp:featuredmedia":[{"embeddable":true,"href":"https:\/\/www.messinaoggi.it\/website\/wp-json\/wp\/v2\/media\/44040"}],"wp:attachment":[{"href":"https:\/\/www.messinaoggi.it\/website\/wp-json\/wp\/v2\/media?parent=169790"}],"wp:term":[{"taxonomy":"category","embeddable":true,"href":"https:\/\/www.messinaoggi.it\/website\/wp-json\/wp\/v2\/categories?post=169790"},{"taxonomy":"post_tag","embeddable":true,"href":"https:\/\/www.messinaoggi.it\/website\/wp-json\/wp\/v2\/tags?post=169790"}],"curies":[{"name":"wp","href":"https:\/\/api.w.org\/{rel}","templated":true}]}}