{"id":169716,"date":"2023-09-20T15:43:20","date_gmt":"2023-09-20T13:43:20","guid":{"rendered":"http:\/\/www.messinaoggi.it\/website\/?p=169716"},"modified":"2023-09-21T16:30:11","modified_gmt":"2023-09-21T14:30:11","slug":"estate-agli-sgoccioli-nel-fine-settimana-arriva-la-pioggia","status":"publish","type":"post","link":"https:\/\/www.messinaoggi.it\/website\/2023\/09\/20\/estate-agli-sgoccioli-nel-fine-settimana-arriva-la-pioggia\/","title":{"rendered":"Estate agli sgoccioli, nel week end arriva la pioggia"},"content":{"rendered":"\n<p>In arrivo due perturbazioni che potrebbero mettere un freno all\u2019estate ed entro il week end anche in Sicilia si annuncia un deciso calo termico di 7-8 gradi, passeremo da 35\u00b0 a 27-28\u00b0. La perturbazione che venerd\u00ec raggiunger\u00e0 le regioni settentrionali e parte di quelle centrali generer\u00e0 infatti un vortice che nel fine settimana si sposter\u00e0 dal Centro Italia verso il Sud e porter\u00e0 piogge e temporali anche di forte intensit\u00e0. Temperature in calo e possibili temporali nella zona tirrenica ed in progressivo spostamento verso l&#8217;entroterra e la zona jonica.<div id=\"div-gpt-ad-Messinaoggi.it-DSK-300x250-corpoart\" style=\"text-align:center;margin:0 auto;\"><\/div><\/p>\n<div id=\"videoincontent\" style=\"clear:both\";><\/div>","protected":false},"excerpt":{"rendered":"<p>In arrivo due perturbazioni che potrebbero mettere un freno all\u2019estate ed entro il week end anche in Sicilia si annuncia un deciso calo termico di 7-8 gradi, passeremo da 35\u00b0 a 27-28\u00b0. La perturbazione che venerd\u00ec raggiunger\u00e0 le regioni settentrionali e parte di quelle centrali generer\u00e0 infatti un vortice che nel fine settimana si sposter\u00e0 [&hellip;]<\/p>\n","protected":false},"author":4,"featured_media":2227,"comment_status":"open","ping_status":"open","sticky":false,"template":"","format":"standard","meta":{"ub_ctt_via":"","_mi_skip_tracking":false},"categories":[6],"tags":[1025,178,1026,8724],"featured_image_src":"https:\/\/www.messinaoggi.it\/website\/wp-content\/uploads\/2017\/06\/maltempo-strade-allagata-2.jpg","author_info":{"display_name":"redme","author_link":"https:\/\/www.messinaoggi.it\/website\/author\/redme\/"},"digistream_id":0,"digistream":false,"_links":{"self":[{"href":"https:\/\/www.messinaoggi.it\/website\/wp-json\/wp\/v2\/posts\/169716"}],"collection":[{"href":"https:\/\/www.messinaoggi.it\/website\/wp-json\/wp\/v2\/posts"}],"about":[{"href":"https:\/\/www.messinaoggi.it\/website\/wp-json\/wp\/v2\/types\/post"}],"author":[{"embeddable":true,"href":"https:\/\/www.messinaoggi.it\/website\/wp-json\/wp\/v2\/users\/4"}],"replies":[{"embeddable":true,"href":"https:\/\/www.messinaoggi.it\/website\/wp-json\/wp\/v2\/comments?post=169716"}],"version-history":[{"count":2,"href":"https:\/\/www.messinaoggi.it\/website\/wp-json\/wp\/v2\/posts\/169716\/revisions"}],"predecessor-version":[{"id":169861,"href":"https:\/\/www.messinaoggi.it\/website\/wp-json\/wp\/v2\/posts\/169716\/revisions\/169861"}],"wp:featuredmedia":[{"embeddable":true,"href":"https:\/\/www.messinaoggi.it\/website\/wp-json\/wp\/v2\/media\/2227"}],"wp:attachment":[{"href":"https:\/\/www.messinaoggi.it\/website\/wp-json\/wp\/v2\/media?parent=169716"}],"wp:term":[{"taxonomy":"category","embeddable":true,"href":"https:\/\/www.messinaoggi.it\/website\/wp-json\/wp\/v2\/categories?post=169716"},{"taxonomy":"post_tag","embeddable":true,"href":"https:\/\/www.messinaoggi.it\/website\/wp-json\/wp\/v2\/tags?post=169716"}],"curies":[{"name":"wp","href":"https:\/\/api.w.org\/{rel}","templated":true}]}}