{"id":169634,"date":"2023-09-20T08:53:35","date_gmt":"2023-09-20T06:53:35","guid":{"rendered":"http:\/\/www.messinaoggi.it\/website\/?p=169634"},"modified":"2023-09-20T08:53:35","modified_gmt":"2023-09-20T06:53:35","slug":"messina-trema-rilevata-scossa-nella-zona-tirrenica","status":"publish","type":"post","link":"https:\/\/www.messinaoggi.it\/website\/2023\/09\/20\/messina-trema-rilevata-scossa-nella-zona-tirrenica\/","title":{"rendered":"Messina trema: rilevata scossa nella zona tirrenica"},"content":{"rendered":"\n<p>Trema la fascia tirrenica di Messina. Ieri sera, intorno alle 22 e 45, l&#8217;istituto nazionale di geofisica e vulcanologia ha rilevato una scossa di terremoto di magnitudo 3.0 con epicentro il comune di Rometta.<div id=\"div-gpt-ad-Messinaoggi.it-DSK-300x250-corpoart\" style=\"text-align:center;margin:0 auto;\"><\/div><\/p>\n\n\n\n<p>La scossa, in particolare, \u00e8 stata registrata a 2 chilometri a sud-ovest da Rometta a una profondit\u00e0 di 64 km. Il terroto \u00e8 stato percepito a Rometta e dintorni, ma non pare che abbia causato danni o feriti.<div id=\"videoincontent\" style=\"clear:both\";><\/div><\/p>\n","protected":false},"excerpt":{"rendered":"<p>Trema la fascia tirrenica di Messina. Ieri sera, intorno alle 22 e 45, l&#8217;istituto nazionale di geofisica e vulcanologia ha rilevato una scossa di terremoto di magnitudo 3.0 con epicentro il comune di Rometta. La scossa, in particolare, \u00e8 stata registrata a 2 chilometri a sud-ovest da Rometta a una profondit\u00e0 di 64 km. Il [&hellip;]<\/p>\n","protected":false},"author":8,"featured_media":169635,"comment_status":"open","ping_status":"open","sticky":false,"template":"","format":"standard","meta":{"ub_ctt_via":"","_mi_skip_tracking":false},"categories":[6],"tags":[3007,803],"featured_image_src":"https:\/\/www.messinaoggi.it\/website\/wp-content\/uploads\/2023\/09\/Senza-titolo.jpg","author_info":{"display_name":"red..me","author_link":"https:\/\/www.messinaoggi.it\/website\/author\/redstage\/"},"digistream_id":0,"digistream":false,"_links":{"self":[{"href":"https:\/\/www.messinaoggi.it\/website\/wp-json\/wp\/v2\/posts\/169634"}],"collection":[{"href":"https:\/\/www.messinaoggi.it\/website\/wp-json\/wp\/v2\/posts"}],"about":[{"href":"https:\/\/www.messinaoggi.it\/website\/wp-json\/wp\/v2\/types\/post"}],"author":[{"embeddable":true,"href":"https:\/\/www.messinaoggi.it\/website\/wp-json\/wp\/v2\/users\/8"}],"replies":[{"embeddable":true,"href":"https:\/\/www.messinaoggi.it\/website\/wp-json\/wp\/v2\/comments?post=169634"}],"version-history":[{"count":1,"href":"https:\/\/www.messinaoggi.it\/website\/wp-json\/wp\/v2\/posts\/169634\/revisions"}],"predecessor-version":[{"id":169636,"href":"https:\/\/www.messinaoggi.it\/website\/wp-json\/wp\/v2\/posts\/169634\/revisions\/169636"}],"wp:featuredmedia":[{"embeddable":true,"href":"https:\/\/www.messinaoggi.it\/website\/wp-json\/wp\/v2\/media\/169635"}],"wp:attachment":[{"href":"https:\/\/www.messinaoggi.it\/website\/wp-json\/wp\/v2\/media?parent=169634"}],"wp:term":[{"taxonomy":"category","embeddable":true,"href":"https:\/\/www.messinaoggi.it\/website\/wp-json\/wp\/v2\/categories?post=169634"},{"taxonomy":"post_tag","embeddable":true,"href":"https:\/\/www.messinaoggi.it\/website\/wp-json\/wp\/v2\/tags?post=169634"}],"curies":[{"name":"wp","href":"https:\/\/api.w.org\/{rel}","templated":true}]}}