{"id":169525,"date":"2023-09-19T10:22:27","date_gmt":"2023-09-19T08:22:27","guid":{"rendered":"http:\/\/www.messinaoggi.it\/website\/?p=169525"},"modified":"2023-09-19T10:22:28","modified_gmt":"2023-09-19T08:22:28","slug":"ponte-il-sindaco-incontra-lad-di-stretto-di-messina-spa","status":"publish","type":"post","link":"https:\/\/www.messinaoggi.it\/website\/2023\/09\/19\/ponte-il-sindaco-incontra-lad-di-stretto-di-messina-spa\/","title":{"rendered":"Ponte, il sindaco incontra l&#8217;ad di Stretto di Messina spa"},"content":{"rendered":"\n<p>Si \u00e8 tenuto ieri a Roma, presso la sede della societ\u00e0 Stretto di Messina, un incontro tra il sindaco di Messina Federico Basile, il vicesindaco Salvatore Mondello hanno e l\u2019amministratore delegato di Stretto di Messina spa Pietro Ciucci.<div id=\"div-gpt-ad-Messinaoggi.it-DSK-300x250-corpoart\" style=\"text-align:center;margin:0 auto;\"><\/div><\/p>\n\n\n\n<p>\u201cLa riunione &#8211;<strong> ha commentato il sindaco di Messina Basile <\/strong>&#8211; \u00e8 funzionale all\u2019avvio di un confronto costante non solo sulla costruzione del ponte in quanto tale, ma anche sulle ricadute infrastrutturali delle quali il territorio dovr\u00e0 beneficiare. In questo quadro gi\u00e0 mercoled\u00ec prossimo a Messina si terr\u00e0 un incontro tecnico con la societ\u00e0 Stretto di Messina per un esame di maggior dettaglio delle priorit\u00e0 della Citt\u00e0\u201d.  <div id=\"videoincontent\" style=\"clear:both\";><\/div><\/p>\n\n\n\n<p>\u201cUno dei principali impegni della Stretto di Messina &#8211; <strong>ha dichiarato l\u2019ad Ciucci <\/strong>&#8211; \u00e8 mantenere un costante dialogo e confronto con le citt\u00e0 interessate dal ponte perch\u00e9 \u00e8 un\u2019opera del territorio e realizzata per il territorio. La riorganizzazione della societ\u00e0 Stretto di Messina, avviata a partire da luglio scorso, consente oggi di riprendere e mettere a regime il flusso informativo collaborativo con Messina, Villa San Giovanni, la Regione Siciliana e la Regione Calabria, gi\u00e0 avviati a luglio scorso. Saranno attivati tavoli di confronto tecnico su tutti gli aspetti che riguardano l\u2019inserimento del ponte sul territorio, con l\u2019obiettivo di consentire al governo dei territori di portare avanti le rispettive scelte strategiche pianificate. Il progetto definitivo, che a suo tempo ha accolto le istanze del territorio, \u00e8 in corso di aggiornamento, ma gli aspetti principali, posizionamento delle strutture del ponte e collegamenti a terra, sono immutati\u201d.<\/p>\n","protected":false},"excerpt":{"rendered":"<p>Si \u00e8 tenuto ieri a Roma, presso la sede della societ\u00e0 Stretto di Messina, un incontro tra il sindaco di Messina Federico Basile, il vicesindaco Salvatore Mondello hanno e l\u2019amministratore delegato di Stretto di Messina spa Pietro Ciucci. \u201cLa riunione &#8211; ha commentato il sindaco di Messina Basile &#8211; \u00e8 funzionale all\u2019avvio di un confronto [&hellip;]<\/p>\n","protected":false},"author":15,"featured_media":169526,"comment_status":"open","ping_status":"open","sticky":false,"template":"","format":"standard","meta":{"ub_ctt_via":"","_mi_skip_tracking":false},"categories":[7567],"tags":[2972,8034,630,2406,5554],"featured_image_src":"https:\/\/www.messinaoggi.it\/website\/wp-content\/uploads\/2023\/09\/SmartSelect_20230919_102010_Chrome.jpg","author_info":{"display_name":"red.me","author_link":"https:\/\/www.messinaoggi.it\/website\/author\/red-me\/"},"digistream_id":0,"digistream":false,"_links":{"self":[{"href":"https:\/\/www.messinaoggi.it\/website\/wp-json\/wp\/v2\/posts\/169525"}],"collection":[{"href":"https:\/\/www.messinaoggi.it\/website\/wp-json\/wp\/v2\/posts"}],"about":[{"href":"https:\/\/www.messinaoggi.it\/website\/wp-json\/wp\/v2\/types\/post"}],"author":[{"embeddable":true,"href":"https:\/\/www.messinaoggi.it\/website\/wp-json\/wp\/v2\/users\/15"}],"replies":[{"embeddable":true,"href":"https:\/\/www.messinaoggi.it\/website\/wp-json\/wp\/v2\/comments?post=169525"}],"version-history":[{"count":1,"href":"https:\/\/www.messinaoggi.it\/website\/wp-json\/wp\/v2\/posts\/169525\/revisions"}],"predecessor-version":[{"id":169527,"href":"https:\/\/www.messinaoggi.it\/website\/wp-json\/wp\/v2\/posts\/169525\/revisions\/169527"}],"wp:featuredmedia":[{"embeddable":true,"href":"https:\/\/www.messinaoggi.it\/website\/wp-json\/wp\/v2\/media\/169526"}],"wp:attachment":[{"href":"https:\/\/www.messinaoggi.it\/website\/wp-json\/wp\/v2\/media?parent=169525"}],"wp:term":[{"taxonomy":"category","embeddable":true,"href":"https:\/\/www.messinaoggi.it\/website\/wp-json\/wp\/v2\/categories?post=169525"},{"taxonomy":"post_tag","embeddable":true,"href":"https:\/\/www.messinaoggi.it\/website\/wp-json\/wp\/v2\/tags?post=169525"}],"curies":[{"name":"wp","href":"https:\/\/api.w.org\/{rel}","templated":true}]}}