{"id":16950,"date":"2018-03-15T18:46:18","date_gmt":"2018-03-15T17:46:18","guid":{"rendered":"http:\/\/www.messinaoggi.it\/website\/?p=16950"},"modified":"2018-03-15T18:46:18","modified_gmt":"2018-03-15T17:46:18","slug":"eccellenza-il-pistunina-e-gia-in-clima-derby-sabato-ce-la-capolista-citta-di-messina","status":"publish","type":"post","link":"https:\/\/www.messinaoggi.it\/website\/2018\/03\/15\/eccellenza-il-pistunina-e-gia-in-clima-derby-sabato-ce-la-capolista-citta-di-messina\/","title":{"rendered":"Eccellenza, il Pistunina \u00e8 gi\u00e0 in clima derby: sabato c&#039;\u00e8 la capolista Citt\u00e0 di Messina"},"content":{"rendered":"<p style=\"text-align: justify\">In casa Pistunina \u00e8 gi\u00e0 scattato il conto alla rovescia in vista dell&#8217;atteso derby &#8220;esterno&#8221; di sabato prossimo (ore 15, appuntamento al &#8220;Garden Sport&#8221;) contro il Citt\u00e0 di Messina, capolista del girone B di Eccellenza. Una gara molto sentita soprattutto per questioni di classifica dai rossoneri, vogliosi di riprendere il cammino verso la matematica permanenza dopo l&#8217;inopinato stop casalingo di domenica scorsa.<div id=\"div-gpt-ad-Messinaoggi.it-DSK-300x250-corpoart\" style=\"text-align:center;margin:0 auto;\"><\/div><\/p>\n<p style=\"text-align: justify\">Chi conosce e ha vissuto i quasi 52 anni di storia del Pistunina &#8211; fondato nel 1966 dall&#8217;indimenticabile &#8220;presidentissimo&#8221; Mimmo Velardo &#8211; sa bene poi\u00a0come sfide di questo genere all&#8217;insegna del campanilismo\u00a0galvanizzino spesso i &#8220;leoni&#8221; del presidente Salvatore Velardo, abituato a infondere ai propri giocatori la carica che consente loro di esaltarsi, al cospetto delle corazzate accreditate dai pronostici, nelle vesti di &#8220;Davide&#8221; contro &#8220;Golia&#8221;.<div id=\"videoincontent\" style=\"clear:both\";><\/div><\/p>\n<p style=\"text-align: justify\">E che si respiri gi\u00e0 clima di derby lo si \u00e8 toccato con mano durante la &#8220;partitella in famiglia&#8221; disputatasi nel pomeriggio\u00a0sul campetto in erba del\u00a0&#8220;Messina Sud&#8221; (ieri amichevole in casa della Robur Letoianni vinta per 8 a 0). I giocatori rossoneri, sollecitati dal tecnico Raciti alla massima concentrazione e alla velocit\u00e0 nello sviluppo degli schemi, non si sono risparmiati dando vita anche a qualche contrasto abbastanza &#8220;maschio&#8221;: ne sa qualcosa l&#8217;attaccante Prezioso Ghartey, in due occasioni oggetto delle &#8220;carezze&#8221; del compagno di difesa Gaetano Chiglien, il cui rientro in squadra assieme a quello del terzino sinistro Simone D&#8217;Angelo dopo due settimane di assenza per noie muscolari sar\u00e0 la principale novit\u00e0.<\/p>\n<p style=\"text-align: justify\">Di contro contro il Citt\u00e0 di Messina si profilano quattro sicuri assenti: lo squalificato Simone D&#8217;Arrigo, oggi presente a bordo campo ad assistere all&#8217;allenamento; gli infortunati Giovanni Grazioso (forte distorsione a una caviglia), il vice capitano Sebastian Caldore (piccolo stiramento dietro la coscia, ma si sta curando ogni giorno, mattina e pomeriggio, presso lo studio del medico sociale Francesco Petralito e dovrebbe guarire entro la sfida col Rosolini) e soprattutto il difensore Simone Napoli. La situazione di quest&#8217;ultimo, per il quale la stagione pu\u00f2 dirsi finita, si conferma abbastanza seria: in attesa della risonanza magnetica dei prossimi giorni, da cui si attende il &#8220;verdetto&#8221; definitivo per emettere la diagnosi del ginocchio infortunato, si \u00e8 fatto controllare da uno specialista a Catania che, permanendo il gonfiore, sospetta la rottura del legamento del crociato anteriore e del collaterale.<\/p>\n<p style=\"text-align: justify\">Tornando ad oggi, alla fine dell&#8217;allenamento di oggi il Pistunina ha ricevuto la gradita visita dell&#8217;ex Damiano Lo Giudice, grande giocatore\u00a0nonch\u00e9 persona sempre educata e cordiale, oggi al Citt\u00e0 di Messina prossimo avversario rossonero, ma rimasto legato ai ragazzi con cui aveva iniziato la stagione . Ci\u00f2 malgrado, sia pure con affetto quasi paterno, l&#8217;allenatore del Pistunina &#8211; nonch\u00e9 proprio &#8220;maestro&#8221; &#8211; Raciti gli ha ricordato che tra due giorni, sporticamente parlando, non ci saranno sconti neppure per lui.<\/p>\n<p style=\"text-align: justify\">\n","protected":false},"excerpt":{"rendered":"<p>In casa Pistunina \u00e8 gi\u00e0 scattato il conto alla rovescia in vista dell&#8217;atteso derby &#8220;esterno&#8221; di sabato prossimo (ore 15, appuntamento al &#8220;Garden Sport&#8221;) contro il Citt\u00e0 di Messina, capolista del girone B di Eccellenza. Una gara molto sentita soprattutto per questioni di classifica dai rossoneri, vogliosi di riprendere il cammino verso la matematica permanenza [&hellip;]<\/p>\n","protected":false},"author":2,"featured_media":16951,"comment_status":"closed","ping_status":"open","sticky":false,"template":"","format":"standard","meta":{"ub_ctt_via":"","_mi_skip_tracking":false},"categories":[10,9],"tags":[],"featured_image_src":"https:\/\/www.messinaoggi.it\/website\/wp-content\/uploads\/2018\/03\/IMG_3715-1.jpg","author_info":{"display_name":"Redazione","author_link":"https:\/\/www.messinaoggi.it\/website\/author\/redazione\/"},"digistream_id":0,"digistream":false,"_links":{"self":[{"href":"https:\/\/www.messinaoggi.it\/website\/wp-json\/wp\/v2\/posts\/16950"}],"collection":[{"href":"https:\/\/www.messinaoggi.it\/website\/wp-json\/wp\/v2\/posts"}],"about":[{"href":"https:\/\/www.messinaoggi.it\/website\/wp-json\/wp\/v2\/types\/post"}],"author":[{"embeddable":true,"href":"https:\/\/www.messinaoggi.it\/website\/wp-json\/wp\/v2\/users\/2"}],"replies":[{"embeddable":true,"href":"https:\/\/www.messinaoggi.it\/website\/wp-json\/wp\/v2\/comments?post=16950"}],"version-history":[{"count":0,"href":"https:\/\/www.messinaoggi.it\/website\/wp-json\/wp\/v2\/posts\/16950\/revisions"}],"wp:featuredmedia":[{"embeddable":true,"href":"https:\/\/www.messinaoggi.it\/website\/wp-json\/wp\/v2\/media\/16951"}],"wp:attachment":[{"href":"https:\/\/www.messinaoggi.it\/website\/wp-json\/wp\/v2\/media?parent=16950"}],"wp:term":[{"taxonomy":"category","embeddable":true,"href":"https:\/\/www.messinaoggi.it\/website\/wp-json\/wp\/v2\/categories?post=16950"},{"taxonomy":"post_tag","embeddable":true,"href":"https:\/\/www.messinaoggi.it\/website\/wp-json\/wp\/v2\/tags?post=16950"}],"curies":[{"name":"wp","href":"https:\/\/api.w.org\/{rel}","templated":true}]}}