{"id":169398,"date":"2023-09-18T10:27:50","date_gmt":"2023-09-18T08:27:50","guid":{"rendered":"http:\/\/www.messinaoggi.it\/website\/?p=169398"},"modified":"2023-09-18T10:59:40","modified_gmt":"2023-09-18T08:59:40","slug":"disagi-amam-fdi-bonasera-si-dimetta","status":"publish","type":"post","link":"https:\/\/www.messinaoggi.it\/website\/2023\/09\/18\/disagi-amam-fdi-bonasera-si-dimetta\/","title":{"rendered":"Disagi Amam, FdI: &#8220;Bonasera si dimetta&#8221;"},"content":{"rendered":"\n<p>Dopo i disservizi riscontrati in questi giorni nell&#8217;intera Messina a causa di guasti agli impianti elettrici di Torrerossa e Bufardo, nel catanese, e situazioni molto simili riscontrate in estate, i consiglieri di Fratelli d&#8217;Italia chiedono le dimissioni della Presidente di Amam <strong>Loredana Bonasera. <\/strong><div id=\"div-gpt-ad-Messinaoggi.it-DSK-300x250-corpoart\" style=\"text-align:center;margin:0 auto;\"><\/div><\/p>\n\n\n\n<p><span style=\"background-color: rgba(0, 0, 0, 0);\">&#8220;\u00c8 tempo in cui la Presidente di Amam rassegni le sue dimissioni!&#8221;<\/span><div id=\"videoincontent\" style=\"clear:both\";><\/div><\/p>\n\n\n\n<p><span style=\"background-color: rgba(0, 0, 0, 0);\">A pronunciarsi in questi termini sono i consiglieri comunali di Fratelli d&#8217;Italia <strong>Libero Gioveni, Dario Carbone <\/strong>e <strong>Pasquale Curr\u00f2<\/strong>, che chiedono all&#8217;arch. Loredana Buonasera di fare un passo indietro e lasciare l&#8217;incarico di Presidente del CDA di Amam.<\/span><\/p>\n\n\n\n<p><span style=\"background-color: rgba(0, 0, 0, 0);\">\u201cTeniamo a precisare che quanto accaduto in queste ore d&#8217;inferno per i cittadini messinesi &#8211; affermano Gioveni, Curr\u00f2 e Carbone &#8211; non costituisce il motivo principale della nostra richiesta, anche perch\u00e9 ci rendiamo conto che la causa del danno di sabato scorso sia stata del tutto accidentale. Per\u00f2, al netto dell&#8217;efficienza dei tecnici dell&#8217;azienda che ringraziamo per l&#8217;impegno e la dedizione professionale che mettono ogni giorno in campo, riteniamo fallace ed errata la complessiva gestione dell&#8217;azienda, anche con riferimento alla assente o intempestiva comunicazione dei disservizi, all&#8217;inadeguatezza delle risposte della Presidente ai tanti interrogativi posti e, perch\u00e9 no, anche e soprattutto alle sue &#8216;menzogne politiche&#8217; su pi\u00f9 fronti che ci spingono oggi a chiederle di farsi da parte.\u201d<\/span><\/p>\n\n\n\n<figure class=\"wp-block-image size-large\"><img loading=\"lazy\" width=\"1024\" height=\"683\" src=\"http:\/\/www.messinaoggi.it\/website\/wp-content\/uploads\/2023\/08\/Loredana-Bonasera-1024x683.jpg\" alt=\"\" class=\"wp-image-167145\" srcset=\"https:\/\/www.messinaoggi.it\/website\/wp-content\/uploads\/2023\/08\/Loredana-Bonasera-1024x683.jpg 1024w, https:\/\/www.messinaoggi.it\/website\/wp-content\/uploads\/2023\/08\/Loredana-Bonasera-300x200.jpg 300w, https:\/\/www.messinaoggi.it\/website\/wp-content\/uploads\/2023\/08\/Loredana-Bonasera-768x512.jpg 768w, https:\/\/www.messinaoggi.it\/website\/wp-content\/uploads\/2023\/08\/Loredana-Bonasera.jpg 1476w\" sizes=\"(max-width: 1024px) 100vw, 1024px\" \/><figcaption>Loredana Bonasera, Presidente Amam<\/figcaption><\/figure>\n\n\n\n<p><span style=\"background-color: rgba(0, 0, 0, 0);\">\u201cNon possiamo accettare\u201d &#8211; continuano i tre consiglieri &#8211; \u201cche la Presidente Bonasera affermi sempre e comunque che tutto fili liscio, che la citt\u00e0 non soffra di alcuna emergenza idrica e che l&#8217;acqua sia presente h24 a Messina quando invece in tantissime zone l&#8217;erogazione viene interrotta alle 11 del mattino a fronte di un servizio idrico che negli ultimi mesi \u00e8 anche aumentato in maniera esponenziale per le tasche dei Messinesi.\u201d<\/span><\/p>\n\n\n\n<p><span style=\"background-color: rgba(0, 0, 0, 0);\">\u201cPer non parlare poi\u201d &#8211; insistono gli esponenti di FdI &#8211; \u201cdella mancata erogazione del bonus idrico per il quale siamo dovuti intervenire per farla svegliare dal suo torpore, del mancato rimborso dei depositi cauzionali agli aventi diritto, dei mancati aiuti ieri ai 60.000 abitanti della terza Municipalit\u00e0 per l&#8217;assenza di autobotti (come denunciato dal presidente Cacciotto), delle mancate risposte ai disagi vissuti di recente dai residenti di Tremonti per l&#8217;acqua classificata non potabile, del mancato coinvolgimento delle istituzioni decentrate in occasione del problema del gasolio nell\u2019acqua in via Cadorna e dintorni, nonostante le ripetute sollecitazioni pervenute dal Vicepresidente della quarta Municipalit\u00e0 Debora Buda e, dulcis in fundo, per le &#8220;mezze verit\u00e0&#8221; espresse nei spesso intempestivi comunicati aziendali diramati nelle emergenze!\u201d<\/span><\/p>\n\n\n\n<p><span style=\"background-color: rgba(0, 0, 0, 0);\">\u201cInsomma\u201d &#8211; concludono Gioveni, Curr\u00f2 e Carbone &#8211; \u201cnon ci possono sempre soddisfare le rassicurazioni politiche sugli investimenti futuri con i fondi del PNRR in ordine al rifacimento della rete, perch\u00e9 \u00e8 proprio il momento attuale dell&#8217;azienda che va gestito al meglio, e la presidente Bonasera, spiace dirlo, giusto per rimanere in tema, finora &#8220;ha fatto acqua&#8221; da tutte le parti!\u201d<\/span><\/p>\n","protected":false},"excerpt":{"rendered":"<p>Dopo i disservizi riscontrati in questi giorni nell&#8217;intera Messina a causa di guasti agli impianti elettrici di Torrerossa e Bufardo, nel catanese, e situazioni molto simili riscontrate in estate, i consiglieri di Fratelli d&#8217;Italia chiedono le dimissioni della Presidente di Amam Loredana Bonasera. &#8220;\u00c8 tempo in cui la Presidente di Amam rassegni le sue dimissioni!&#8221; [&hellip;]<\/p>\n","protected":false},"author":15,"featured_media":126852,"comment_status":"open","ping_status":"open","sticky":false,"template":"","format":"standard","meta":{"ub_ctt_via":"","_mi_skip_tracking":false},"categories":[4],"tags":[1080,8708,3756,611,1526,8709,740,5582,8707],"featured_image_src":"https:\/\/www.messinaoggi.it\/website\/wp-content\/uploads\/2022\/10\/Carbone-Gioveni-Curro.jpg","author_info":{"display_name":"red.me","author_link":"https:\/\/www.messinaoggi.it\/website\/author\/red-me\/"},"digistream_id":0,"digistream":false,"_links":{"self":[{"href":"https:\/\/www.messinaoggi.it\/website\/wp-json\/wp\/v2\/posts\/169398"}],"collection":[{"href":"https:\/\/www.messinaoggi.it\/website\/wp-json\/wp\/v2\/posts"}],"about":[{"href":"https:\/\/www.messinaoggi.it\/website\/wp-json\/wp\/v2\/types\/post"}],"author":[{"embeddable":true,"href":"https:\/\/www.messinaoggi.it\/website\/wp-json\/wp\/v2\/users\/15"}],"replies":[{"embeddable":true,"href":"https:\/\/www.messinaoggi.it\/website\/wp-json\/wp\/v2\/comments?post=169398"}],"version-history":[{"count":3,"href":"https:\/\/www.messinaoggi.it\/website\/wp-json\/wp\/v2\/posts\/169398\/revisions"}],"predecessor-version":[{"id":169401,"href":"https:\/\/www.messinaoggi.it\/website\/wp-json\/wp\/v2\/posts\/169398\/revisions\/169401"}],"wp:featuredmedia":[{"embeddable":true,"href":"https:\/\/www.messinaoggi.it\/website\/wp-json\/wp\/v2\/media\/126852"}],"wp:attachment":[{"href":"https:\/\/www.messinaoggi.it\/website\/wp-json\/wp\/v2\/media?parent=169398"}],"wp:term":[{"taxonomy":"category","embeddable":true,"href":"https:\/\/www.messinaoggi.it\/website\/wp-json\/wp\/v2\/categories?post=169398"},{"taxonomy":"post_tag","embeddable":true,"href":"https:\/\/www.messinaoggi.it\/website\/wp-json\/wp\/v2\/tags?post=169398"}],"curies":[{"name":"wp","href":"https:\/\/api.w.org\/{rel}","templated":true}]}}