{"id":16904,"date":"2018-03-15T10:05:41","date_gmt":"2018-03-15T09:05:41","guid":{"rendered":"http:\/\/www.messinaoggi.it\/website\/?p=16904"},"modified":"2018-03-15T10:05:41","modified_gmt":"2018-03-15T09:05:41","slug":"la-uil-fpl-messina-celebra-domani-il-v-congresso-territoriale","status":"publish","type":"post","link":"https:\/\/www.messinaoggi.it\/website\/2018\/03\/15\/la-uil-fpl-messina-celebra-domani-il-v-congresso-territoriale\/","title":{"rendered":"La Uil-Fpl Messina celebra domani il V congresso territoriale"},"content":{"rendered":"<p class=\"p1\"><span class=\"s1\">Prosegue la stagione congressuale della Uil Messina. Domani mattina, alle ore 10, presso l\u2019Aula Magna della scuola \u201cAntonello\u201d, si celebra il quinto congresso territoriale della Uil-Fpl di Messina avente come tema \u201cInsieme per valorizzare il lavoro e difendere i nostri diritti\u201d. Ai lavori, che saranno presieduti da <strong>Enzo Tango<\/strong>, segretario generale Uil-Fpl Sicilia, prenderanno parte <strong>Michelangelo Librandi<\/strong>, segretario nazionale Uil-Fpl, <strong>Carlo Fiordaliso<\/strong>, presidente della Fondazione Nenni, e <strong>Pippo Calapai<\/strong>, segretario generale uscente della Uil-Fpl Messina. <\/span><div id=\"div-gpt-ad-Messinaoggi.it-DSK-300x250-corpoart\" style=\"text-align:center;margin:0 auto;\"><\/div><\/p>\n<p class=\"p1\"><span class=\"s1\">\u201c<em>La nostra organizzazione di categoria &#8211; afferma <strong>Calapai<\/strong> &#8211; sar\u00e0 ancora protagonista per migliorare la qualit\u00e0 della vita dei lavoratori e dei cittadini utenti. Il nostro obiettivo \u00e8 quello di valorizzare appieno la professionalit\u00e0 di tutti i lavoratori, specie quelli del settore infermieristico, , tant\u2019\u00e8 che abbiamo avviato una serie di iniziative per il riconoscimento del demansionamento cui \u00e8 sottoposto<\/em>\u201d.<\/span><div id=\"videoincontent\" style=\"clear:both\";><\/div><\/p>\n","protected":false},"excerpt":{"rendered":"<p>Prosegue la stagione congressuale della Uil Messina. Domani mattina, alle ore 10, presso l\u2019Aula Magna della scuola \u201cAntonello\u201d, si celebra il quinto congresso territoriale della Uil-Fpl di Messina avente come tema \u201cInsieme per valorizzare il lavoro e difendere i nostri diritti\u201d. Ai lavori, che saranno presieduti da Enzo Tango, segretario generale Uil-Fpl Sicilia, prenderanno parte [&hellip;]<\/p>\n","protected":false},"author":2,"featured_media":1775,"comment_status":"closed","ping_status":"open","sticky":false,"template":"","format":"standard","meta":{"ub_ctt_via":"","_mi_skip_tracking":false},"categories":[5],"tags":[],"featured_image_src":"https:\/\/www.messinaoggi.it\/website\/wp-content\/uploads\/2017\/06\/Pippo-Calapai-Uil-Fpl-2.jpg","author_info":{"display_name":"Redazione","author_link":"https:\/\/www.messinaoggi.it\/website\/author\/redazione\/"},"digistream_id":0,"digistream":false,"_links":{"self":[{"href":"https:\/\/www.messinaoggi.it\/website\/wp-json\/wp\/v2\/posts\/16904"}],"collection":[{"href":"https:\/\/www.messinaoggi.it\/website\/wp-json\/wp\/v2\/posts"}],"about":[{"href":"https:\/\/www.messinaoggi.it\/website\/wp-json\/wp\/v2\/types\/post"}],"author":[{"embeddable":true,"href":"https:\/\/www.messinaoggi.it\/website\/wp-json\/wp\/v2\/users\/2"}],"replies":[{"embeddable":true,"href":"https:\/\/www.messinaoggi.it\/website\/wp-json\/wp\/v2\/comments?post=16904"}],"version-history":[{"count":0,"href":"https:\/\/www.messinaoggi.it\/website\/wp-json\/wp\/v2\/posts\/16904\/revisions"}],"wp:featuredmedia":[{"embeddable":true,"href":"https:\/\/www.messinaoggi.it\/website\/wp-json\/wp\/v2\/media\/1775"}],"wp:attachment":[{"href":"https:\/\/www.messinaoggi.it\/website\/wp-json\/wp\/v2\/media?parent=16904"}],"wp:term":[{"taxonomy":"category","embeddable":true,"href":"https:\/\/www.messinaoggi.it\/website\/wp-json\/wp\/v2\/categories?post=16904"},{"taxonomy":"post_tag","embeddable":true,"href":"https:\/\/www.messinaoggi.it\/website\/wp-json\/wp\/v2\/tags?post=16904"}],"curies":[{"name":"wp","href":"https:\/\/api.w.org\/{rel}","templated":true}]}}