{"id":169012,"date":"2023-09-14T12:22:06","date_gmt":"2023-09-14T10:22:06","guid":{"rendered":"http:\/\/www.messinaoggi.it\/website\/?p=169012"},"modified":"2023-09-14T12:22:07","modified_gmt":"2023-09-14T10:22:07","slug":"spazio-no-ponte-nessuna-prevenzione-di-incendi-e-alluvioni-ce-il-ponte","status":"publish","type":"post","link":"https:\/\/www.messinaoggi.it\/website\/2023\/09\/14\/spazio-no-ponte-nessuna-prevenzione-di-incendi-e-alluvioni-ce-il-ponte\/","title":{"rendered":"Spazio No Ponte: &#8220;Nessuna prevenzione di incendi e alluvioni, c&#8217;\u00e8 il Ponte&#8221;"},"content":{"rendered":"\n<p>Il comitato &#8220;Spazio No Ponte&#8221;, uno dei tre comitati appartenenti al Movimento nopontista, non si limita ad esprimersi sui motivi della contrariet\u00e0 alla grande opera sullo Stretto, ma tocca anche il tema delle alluvioni nel Mediterraneo e degli incendi che hanno colpito la Sicilia e Messina in particolare. <div id=\"div-gpt-ad-Messinaoggi.it-DSK-300x250-corpoart\" style=\"text-align:center;margin:0 auto;\"><\/div><\/p>\n\n\n\n<p>Nell&#8217;ultimo loro intervento, infatti, spiegano come il loro no sia un si alla messa in sicurezza del territorio e ad una prevenzione sistematica delle calamit\u00e0 naturali. Necessit\u00e0 che vedono ignorate, a discapito del dibattito sul Ponte.<div id=\"videoincontent\" style=\"clear:both\";><\/div><\/p>\n\n\n\n<p>&#8220;In questi giorni di attesa della rassicurante \u2018estate settembrina\u2019 \u2013 come \u00e8 stata ribattezzata dai media \u2013 molto meno rassicurante \u00e8 stata l\u2019attesa del \u2018Ciclone Daniel\u2019 che avanzava nel Mediterraneo. Per fortuna il Sud Italia \u00e8 stato solo sfiorato da questo titanico fenomeno atmosferico che, stante alle ultime notizie, ha provocato almeno una decina di morti tra Grecia, Turchia e Bulgaria, territori che nei mesi scorsi, proprio come la Sicilia e la Calabria, sono state devastati da incendi anch\u2019essi di proporzioni enormi; Giusto per sciorinare qualche dato, i meteorologi comunicano che in alcune aree della Grecia sono caduti in 24 ore oltre 800mm d\u2019acqua; nel 2009, che purtroppo ricordiamo per l\u2019alluvione, a Giampilieri ne sono caduti 250mm in 5 ore (con 37 vite spezzate)&#8221; esordiscono.<\/p>\n\n\n\n<p>&#8220;Sarebbe bastato qualche vento un po\u2019 pi\u00f9 sostenuto e le piogge torrenziali che si sono scaricate sul versante orientale del Mediterraneo sarebbero arrivate anche qua: s\u00ec, \u00e8 del tutto logico pensare che ci siamo salvati per un soffio!<\/p>\n\n\n\n<p>\u2026almeno per ora&#8221; incalzano.<\/p>\n\n\n\n<p>&#8220;Giriamo per le strade, ci guardiamo intorno e quello che vediamo \u00e8\u2026 NERO: colline, prati, pezzi di citt\u00e0 totalmente bruciati. E il ricordo di quei giorni in cui molti di noi hanno visto calare la notte alle cinque di pomeriggio o si sono trovati con le fiamme che sorpassavano in altezza i palazzi minacciando (e, in alcuni casi, avvolgendo) le abitazioni si mescola al timore di quello che potrebbe succedere quando arriveranno le cosiddette bombe d\u2019acqua\u2026ma, al momento, sembra che i pensieri di governi e amministrazioni siano rivolti da tutt\u2019altra parte.<\/p>\n\n\n\n<p>Ogni anno, ormai, ettari di bosco e macchia mediterranea vengono bruciati da incendi dolosi, e divampano poi in maniera inarrestabile a causa di una tardiva e contraddittoria gestione del territorio&#8221; continua il Comitato.<\/p>\n\n\n\n<p>&#8220;La soluzione, per le istituzioni, non \u00e8 una riflessione sistemica e un\u2019azione preventiva, ma la caccia al piromane (per forza di cose, a disastro avvenuto). Sebbene sia sicuro che dietro la maggior parte degli incendi ci sia la mano dell\u2019uomo, meno certi sono i motivi per cui queste mani agiscono: sicuri di poter affibbiare la responsabilit\u00e0 sempre a pastori, forestali e piloti di canadair in malafede? Perch\u00e9 eliminare dalle possibilit\u00e0 procacciatori di terreni per nuove colate di cemento e nuovi parchi di energie rinnovabili?<\/p>\n\n\n\n<p>Come molti ricorderanno, a Messina nel 2009 il discorso pubblico sulle cause (e quindi sulle responsabilit\u00e0) \u00e8 stato fortemente virato verso un altro grande spauracchio del Sud, l\u2019abusivismo edilizio, gettando nell\u2019ombra gli allarmanti precedenti e la mancanza di prevenzione a favore di una prassi dell\u2019emergenza che porta sempre tanti soldi e tanti voti (come dimenticare le shoccanti risa di giubilo di alcuni a poche ore dal terremoto de L\u2019Aquila?).<\/p>\n\n\n\n<p>Ed \u00e8 in questo genere di contesti che possiamo vedere un\u2019altra faccia del sistema delle grandi opere, in cui il ponte sullo Stretto occupa un posto d\u2019onore: oltre che affaire economico-politico, \u00e8 anche un grande specchio per le allodole. Non solo la propaganda (dai toni sempre pi\u00f9 accesi e pi\u00f9 eticamente e contenutisticamente bassi) e il tentativo di arginarla fagocitano completamente il discorso e le energie impedendo di fatto di pensare a problemi pi\u00f9 urgenti; ma, ancora di pi\u00f9, i fautori del Mostro sostengono, da un lato, che sar\u00e0 il volano per tutti gli altri interventi e, dall\u2019altro, che se ci fosse il ponte tutti questi problemi sarebbero gi\u00e0 risolti&#8221; specificano ancora, entrando nel vivo della questione.<\/p>\n\n\n\n<p>&#8220;Allora ci chiediamo: il nostro territorio e chi lo abita conta davvero cos\u00ec poco che la prevenzione dei terremoti, degli incendi e del dissesto idrogeologico \u2013 insomma, la cura minima del territorio \u2013 possiamo averli solo se funzionali a megacostruzioni di interessi miliardari?<\/p>\n\n\n\n<p>La nostra lotta passa certamente dall\u2019opposizione al ponte, ma passa anche attraverso la cura dei territori e dei suoi abitanti, passa attraverso un capovolgimento radicale di prospettiva: vogliamo quello che serve a noi per vivere nei nostri territori, non quello che serve alle merci per transitare da un territorio all\u2019altro; e lo vogliamo perch\u00e9 serve a noi, non perch\u00e9 serve alla circolazione di capitali, sempre tra le stesse mani.<\/p>\n\n\n\n<p>Cosa vogliamo? Vogliamo la cura del territorio e la sua messa in sicurezza, questa \u00e8 la grande opera pubblica di cui abbiamo bisogno. Perch\u00e9 non possiamo aspettare il prossimo disastro per fare qualcosa; e, se chi dice di occuparsi di noi non lo fa, dobbiamo occuparcene da soli&#8221; conclude Spazio No Ponte.<\/p>\n","protected":false},"excerpt":{"rendered":"<p>Il comitato &#8220;Spazio No Ponte&#8221;, uno dei tre comitati appartenenti al Movimento nopontista, non si limita ad esprimersi sui motivi della contrariet\u00e0 alla grande opera sullo Stretto, ma tocca anche il tema delle alluvioni nel Mediterraneo e degli incendi che hanno colpito la Sicilia e Messina in particolare. Nell&#8217;ultimo loro intervento, infatti, spiegano come il [&hellip;]<\/p>\n","protected":false},"author":15,"featured_media":159720,"comment_status":"open","ping_status":"open","sticky":false,"template":"","format":"standard","meta":{"ub_ctt_via":"","_mi_skip_tracking":false},"categories":[4],"tags":[5843,2134,6836,630,710,7224],"featured_image_src":"https:\/\/www.messinaoggi.it\/website\/wp-content\/uploads\/2023\/06\/354459849_10226644648974144_6651622066902277259_n.jpg","author_info":{"display_name":"red.me","author_link":"https:\/\/www.messinaoggi.it\/website\/author\/red-me\/"},"digistream_id":0,"digistream":false,"_links":{"self":[{"href":"https:\/\/www.messinaoggi.it\/website\/wp-json\/wp\/v2\/posts\/169012"}],"collection":[{"href":"https:\/\/www.messinaoggi.it\/website\/wp-json\/wp\/v2\/posts"}],"about":[{"href":"https:\/\/www.messinaoggi.it\/website\/wp-json\/wp\/v2\/types\/post"}],"author":[{"embeddable":true,"href":"https:\/\/www.messinaoggi.it\/website\/wp-json\/wp\/v2\/users\/15"}],"replies":[{"embeddable":true,"href":"https:\/\/www.messinaoggi.it\/website\/wp-json\/wp\/v2\/comments?post=169012"}],"version-history":[{"count":1,"href":"https:\/\/www.messinaoggi.it\/website\/wp-json\/wp\/v2\/posts\/169012\/revisions"}],"predecessor-version":[{"id":169019,"href":"https:\/\/www.messinaoggi.it\/website\/wp-json\/wp\/v2\/posts\/169012\/revisions\/169019"}],"wp:featuredmedia":[{"embeddable":true,"href":"https:\/\/www.messinaoggi.it\/website\/wp-json\/wp\/v2\/media\/159720"}],"wp:attachment":[{"href":"https:\/\/www.messinaoggi.it\/website\/wp-json\/wp\/v2\/media?parent=169012"}],"wp:term":[{"taxonomy":"category","embeddable":true,"href":"https:\/\/www.messinaoggi.it\/website\/wp-json\/wp\/v2\/categories?post=169012"},{"taxonomy":"post_tag","embeddable":true,"href":"https:\/\/www.messinaoggi.it\/website\/wp-json\/wp\/v2\/tags?post=169012"}],"curies":[{"name":"wp","href":"https:\/\/api.w.org\/{rel}","templated":true}]}}