{"id":168867,"date":"2023-09-13T12:48:01","date_gmt":"2023-09-13T10:48:01","guid":{"rendered":"https:\/\/www.messinaoggi.it\/website\/2023\/09\/13\/lagalla-la-scuola-e-un-antidoto-contro-la-mafia\/"},"modified":"2023-09-13T12:48:01","modified_gmt":"2023-09-13T10:48:01","slug":"lagalla-la-scuola-e-un-antidoto-contro-la-mafia","status":"publish","type":"post","link":"https:\/\/www.messinaoggi.it\/website\/2023\/09\/13\/lagalla-la-scuola-e-un-antidoto-contro-la-mafia\/","title":{"rendered":"Lagalla \u201cLa scuola \u00e8 un antidoto contro la mafia\u201d"},"content":{"rendered":"<div>\n<p>PALERMO (ITALPRESS) \u2013 \u201cOggi l\u2019Istituto Falcone riunisce le istituzioni in occasione dell\u2019apertura del nuovo anno scolastico e si propone come sede simbolo della battaglia per la legalit\u00e0 e contro la dispersione scolastica ma, purtroppo, ancora una volta, \u00e8 stato oggetto di atti vandalici che continuano a offendere la comunit\u00e0 scolastica e la citt\u00e0. Il Comune \u00e8 pronto a ripristinare quello che \u00e8 stato tolto ma soprattutto ad impegnarsi per affermare il ruolo della scuola, della cultura e dell\u2019insegnamento in questo territorio, come antidoto contro la mafia, la malavita organizzata, contro la tentazione di andare nella direzione sbagliata\u201d. Cos\u00ec il sindaco di Palermo, Roberto Lagalla, a margine dell\u2019inaugurazione dell\u2019anno scolastico che si \u00e8 tenuta nell\u2019Istituto Comprensivo Giovanni Falcone, nel quartiere Zen, a Palermo. La sede, dopo la vicenda che ha visto coinvolta l\u2019ex preside Daniela Lo Verde accusata di corruzione e peculato, \u00e8 stata nei giorni scorsi bersaglio dell\u2019ennesimo furto.<br \/>\n\u2013 foto ufficio stampa Comune di Palermo \u2013<br \/>\n(ITALPRESS).<div id=\"div-gpt-ad-Messinaoggi.it-DSK-300x250-corpoart\" style=\"text-align:center;margin:0 auto;\"><\/div><\/p>\n<\/div>\n<div id=\"videoincontent\" style=\"clear:both\";><\/div>","protected":false},"excerpt":{"rendered":"<p>PALERMO (ITALPRESS) \u2013 \u201cOggi l\u2019Istituto Falcone riunisce le istituzioni in occasione dell\u2019apertura del nuovo anno scolastico e si propone come sede simbolo della battaglia per la legalit\u00e0 e contro la dispersione scolastica ma, purtroppo, ancora una volta, \u00e8 stato oggetto di atti vandalici che continuano a offendere la comunit\u00e0 scolastica e la citt\u00e0. Il Comune [&hellip;]<\/p>\n","protected":false},"author":18,"featured_media":168868,"comment_status":"closed","ping_status":"closed","sticky":false,"template":"","format":"standard","meta":{"ub_ctt_via":"","_mi_skip_tracking":false},"categories":[2449],"tags":[783],"featured_image_src":"https:\/\/www.messinaoggi.it\/website\/wp-content\/uploads\/2023\/09\/20230913_0379.jpg","author_info":{"display_name":"Admin","author_link":"https:\/\/www.messinaoggi.it\/website\/author\/admin\/"},"digistream_id":0,"digistream":false,"_links":{"self":[{"href":"https:\/\/www.messinaoggi.it\/website\/wp-json\/wp\/v2\/posts\/168867"}],"collection":[{"href":"https:\/\/www.messinaoggi.it\/website\/wp-json\/wp\/v2\/posts"}],"about":[{"href":"https:\/\/www.messinaoggi.it\/website\/wp-json\/wp\/v2\/types\/post"}],"author":[{"embeddable":true,"href":"https:\/\/www.messinaoggi.it\/website\/wp-json\/wp\/v2\/users\/18"}],"replies":[{"embeddable":true,"href":"https:\/\/www.messinaoggi.it\/website\/wp-json\/wp\/v2\/comments?post=168867"}],"version-history":[{"count":0,"href":"https:\/\/www.messinaoggi.it\/website\/wp-json\/wp\/v2\/posts\/168867\/revisions"}],"wp:featuredmedia":[{"embeddable":true,"href":"https:\/\/www.messinaoggi.it\/website\/wp-json\/wp\/v2\/media\/168868"}],"wp:attachment":[{"href":"https:\/\/www.messinaoggi.it\/website\/wp-json\/wp\/v2\/media?parent=168867"}],"wp:term":[{"taxonomy":"category","embeddable":true,"href":"https:\/\/www.messinaoggi.it\/website\/wp-json\/wp\/v2\/categories?post=168867"},{"taxonomy":"post_tag","embeddable":true,"href":"https:\/\/www.messinaoggi.it\/website\/wp-json\/wp\/v2\/tags?post=168867"}],"curies":[{"name":"wp","href":"https:\/\/api.w.org\/{rel}","templated":true}]}}