{"id":168848,"date":"2023-09-13T10:16:58","date_gmt":"2023-09-13T08:16:58","guid":{"rendered":"http:\/\/www.messinaoggi.it\/website\/?p=168848"},"modified":"2023-09-13T10:16:59","modified_gmt":"2023-09-13T08:16:59","slug":"bonus-affitti-sunia-non-basta-aperto-servizio-di-assistenza","status":"publish","type":"post","link":"https:\/\/www.messinaoggi.it\/website\/2023\/09\/13\/bonus-affitti-sunia-non-basta-aperto-servizio-di-assistenza\/","title":{"rendered":"Bonus affitti, Sunia: &#8220;non basta&#8221;, aperto servizio di assistenza"},"content":{"rendered":"\n<p>Sono aperte le richieste per il bonus affitti in Sicilia, una misura che era attesa da tempo da migliaia di famiglie in difficolt\u00e0. Il bonus affitti \u00e8 una misura approvata a fine Agosto dalla Regione Sicilia per agevolare le famiglie in affitto nel 2021, sotto una certa soglia di reddito. Sono stanziati 3100 euro ed al momento per\u00f2 non ci sono fondi per gli affitti 2023, anche se si prevede a breve una nuova misura. <div id=\"div-gpt-ad-Messinaoggi.it-DSK-300x250-corpoart\" style=\"text-align:center;margin:0 auto;\"><\/div><\/p>\n\n\n\n<p>&#8220;Come Sunia Messina abbiamo attivato un servizio di assistenza alla compilazione della domanda per supportare l&#8217;invio delle richieste a chi ne ha diritto. Fino al 20 ottobre abbiamo attivato il servizio di assistenza alla compilazione delle domande presso il nostro ufficio, in via Peculio Frumentario n. 6 (CGIL Messina), proprio per incentivare la presentazione delle domande per tutti coloro che avevano un contratto di locazione nel 2021 e rispettano i criteri di accesso previsti dal bando regionale.&#8221; commenta in una nota il sindacato degli inquilini e degli assegnatari.<div id=\"videoincontent\" style=\"clear:both\";><\/div><\/p>\n\n\n\n<p>&#8220;Sono stati stanziati 17 milioni di euro relativi agli affitti dell&#8217;anno 2021 &#8211;\u00a0<strong>dichiara il segretario Claudio Vallone\u00a0<\/strong>&#8211; si tratta di una misura di sostegno alle famiglie, che per\u00f2 non risolve il problema pi\u00f9 grande dell&#8217;emergenza abitativa, soprattutto nella nostra citt\u00e0&#8221; &#8211; conclude il segretario.<\/p>\n\n\n\n<p>Secondo Sunia &#8220;serve un piano nazionale per il diritto all&#8217;abitare, su cui \u00e8 necessario che i Comuni facciano la propria parte,\u00a0aumentando la spesa mirata sul diritto all&#8217;abitare, su questo il Sunia di Messina \u00e8 in prima linea, accanto alle famiglie in difficolt\u00e0&#8221;.<\/p>\n","protected":false},"excerpt":{"rendered":"<p>Sono aperte le richieste per il bonus affitti in Sicilia, una misura che era attesa da tempo da migliaia di famiglie in difficolt\u00e0. Il bonus affitti \u00e8 una misura approvata a fine Agosto dalla Regione Sicilia per agevolare le famiglie in affitto nel 2021, sotto una certa soglia di reddito. Sono stanziati 3100 euro ed [&hellip;]<\/p>\n","protected":false},"author":15,"featured_media":168369,"comment_status":"open","ping_status":"open","sticky":false,"template":"","format":"standard","meta":{"ub_ctt_via":"","_mi_skip_tracking":false},"categories":[5],"tags":[8666,8665,8667,3544,757,8664],"featured_image_src":"https:\/\/www.messinaoggi.it\/website\/wp-content\/uploads\/2023\/09\/contributi-casa.jpg","author_info":{"display_name":"red.me","author_link":"https:\/\/www.messinaoggi.it\/website\/author\/red-me\/"},"digistream_id":0,"digistream":false,"_links":{"self":[{"href":"https:\/\/www.messinaoggi.it\/website\/wp-json\/wp\/v2\/posts\/168848"}],"collection":[{"href":"https:\/\/www.messinaoggi.it\/website\/wp-json\/wp\/v2\/posts"}],"about":[{"href":"https:\/\/www.messinaoggi.it\/website\/wp-json\/wp\/v2\/types\/post"}],"author":[{"embeddable":true,"href":"https:\/\/www.messinaoggi.it\/website\/wp-json\/wp\/v2\/users\/15"}],"replies":[{"embeddable":true,"href":"https:\/\/www.messinaoggi.it\/website\/wp-json\/wp\/v2\/comments?post=168848"}],"version-history":[{"count":1,"href":"https:\/\/www.messinaoggi.it\/website\/wp-json\/wp\/v2\/posts\/168848\/revisions"}],"predecessor-version":[{"id":168853,"href":"https:\/\/www.messinaoggi.it\/website\/wp-json\/wp\/v2\/posts\/168848\/revisions\/168853"}],"wp:featuredmedia":[{"embeddable":true,"href":"https:\/\/www.messinaoggi.it\/website\/wp-json\/wp\/v2\/media\/168369"}],"wp:attachment":[{"href":"https:\/\/www.messinaoggi.it\/website\/wp-json\/wp\/v2\/media?parent=168848"}],"wp:term":[{"taxonomy":"category","embeddable":true,"href":"https:\/\/www.messinaoggi.it\/website\/wp-json\/wp\/v2\/categories?post=168848"},{"taxonomy":"post_tag","embeddable":true,"href":"https:\/\/www.messinaoggi.it\/website\/wp-json\/wp\/v2\/tags?post=168848"}],"curies":[{"name":"wp","href":"https:\/\/api.w.org\/{rel}","templated":true}]}}