{"id":168833,"date":"2023-09-13T09:35:46","date_gmt":"2023-09-13T07:35:46","guid":{"rendered":"http:\/\/www.messinaoggi.it\/website\/?p=168833"},"modified":"2023-09-13T09:36:46","modified_gmt":"2023-09-13T07:36:46","slug":"settimana-europea-mobilita-le-iniziative-di-atm-e-comune","status":"publish","type":"post","link":"https:\/\/www.messinaoggi.it\/website\/2023\/09\/13\/settimana-europea-mobilita-le-iniziative-di-atm-e-comune\/","title":{"rendered":"&#8220;Settimana europea mobilit\u00e0&#8221;, le iniziative di Atm e Comune"},"content":{"rendered":"\n<p>Sabato 16, alle ore 10.30, nei locali di Forte San Salvatore, nel corso di una conferenza stampa, presenti il sindaco Federico Basile, il vicesindaco e assessore alla Mobilit\u00e0 Urbana Salvatore Mondello, il presidente di ATM Giuseppe Campagna e altri rappresentanti istituzionali, saranno illustrati gli appuntamenti della \u201cSettimana Europea della Mobilit\u00e0\u201d, in programma da sabato 16 a venerd\u00ec 22 settembre, promuovendo l\u2019evento \u201cPAN Idea\u201d, ideato da PAN (Public Awareness Network) e promosso dal Comitato Promotore della Fondazione Da Vinci. L\u2019iniziativa si propone di attivare il dialogo e il confronto tra gli stakeholder del territorio, focalizzando l\u2019attenzione sulla mobilit\u00e0 dello Stretto e assicurando centralit\u00e0 all\u2019innovazione tecnologica e alla sostenibilit\u00e0 ambientale. Protagonisti attivi nella promozione dell\u2019evento il Comune di Messina, ATM S.p.A., l\u2019Universit\u00e0 degli Studi di Messina, la Camera di Commercio di Messina, Asstra, in rappresentanza delle aziende del trasporto pubblico locale, presente con le sue articolazioni nazionali e regionali. Prevista inoltre la partecipazione dei principali attori del trasporto pubblico nazionale e di Istituzioni quali il Comune di Reggio Calabria, insieme ad ATAM.<br>Il meeting si svolger\u00e0 in piazza Lo Sardo dal 20 al 22 settembre ed avr\u00e0 come tema \u201cIl futuro della mobilit\u00e0 nello Stretto di Messina\u201d. Si discuter\u00e0 di un nuovo modello di mobilit\u00e0, anche attraverso l\u2019approfondimento di nuove tecnologie e il coinvolgimento di una platea eterogenea, composta da esponenti &#8211; anche di livello internazionale &#8211; delle Istituzioni, dell\u2019Universit\u00e0, cos\u00ec come di professionisti, imprenditori, studenti, giovani e, in generale, cittadini che vivono le citt\u00e0 dello Stretto.<br>La prima giornata sar\u00e0 dedicata al mondo dell\u2019Universit\u00e0, con approfondimenti tecnico-scientifici. Durante il secondo giorno troveranno spazio esponenti del mondo dell\u2019impresa e della ricerca applicata. Infine, nella giornata conclusiva, in programma un dibattito e un confronto, coinvolgendo i portatori di interesse locali (cittadini, PA, imprese, professionisti), i quali saranno chiamati, con il supporto di professionisti di livello internazionale, a concorrere alla definizione di un manifesto da sottoporre ai riferimenti istituzionali presenti, che dibatteranno sul futuro della mobilit\u00e0 dello Stretto.<div id=\"div-gpt-ad-Messinaoggi.it-DSK-300x250-corpoart\" style=\"text-align:center;margin:0 auto;\"><\/div><\/p>\n<div id=\"videoincontent\" style=\"clear:both\";><\/div>","protected":false},"excerpt":{"rendered":"<p>Sabato 16, alle ore 10.30, nei locali di Forte San Salvatore, nel corso di una conferenza stampa, presenti il sindaco Federico Basile, il vicesindaco e assessore alla Mobilit\u00e0 Urbana Salvatore Mondello, il presidente di ATM Giuseppe Campagna e altri rappresentanti istituzionali, saranno illustrati gli appuntamenti della \u201cSettimana Europea della Mobilit\u00e0\u201d, in programma da sabato 16 [&hellip;]<\/p>\n","protected":false},"author":2,"featured_media":12985,"comment_status":"open","ping_status":"open","sticky":false,"template":"","format":"standard","meta":{"ub_ctt_via":"","_mi_skip_tracking":false},"categories":[6],"tags":[1004,602,2865,8660],"featured_image_src":"https:\/\/www.messinaoggi.it\/website\/wp-content\/uploads\/2017\/12\/forte-san-salvatore-marina-militare-messinaoggi.jpg","author_info":{"display_name":"Redazione","author_link":"https:\/\/www.messinaoggi.it\/website\/author\/redazione\/"},"digistream_id":0,"digistream":false,"_links":{"self":[{"href":"https:\/\/www.messinaoggi.it\/website\/wp-json\/wp\/v2\/posts\/168833"}],"collection":[{"href":"https:\/\/www.messinaoggi.it\/website\/wp-json\/wp\/v2\/posts"}],"about":[{"href":"https:\/\/www.messinaoggi.it\/website\/wp-json\/wp\/v2\/types\/post"}],"author":[{"embeddable":true,"href":"https:\/\/www.messinaoggi.it\/website\/wp-json\/wp\/v2\/users\/2"}],"replies":[{"embeddable":true,"href":"https:\/\/www.messinaoggi.it\/website\/wp-json\/wp\/v2\/comments?post=168833"}],"version-history":[{"count":1,"href":"https:\/\/www.messinaoggi.it\/website\/wp-json\/wp\/v2\/posts\/168833\/revisions"}],"predecessor-version":[{"id":168834,"href":"https:\/\/www.messinaoggi.it\/website\/wp-json\/wp\/v2\/posts\/168833\/revisions\/168834"}],"wp:featuredmedia":[{"embeddable":true,"href":"https:\/\/www.messinaoggi.it\/website\/wp-json\/wp\/v2\/media\/12985"}],"wp:attachment":[{"href":"https:\/\/www.messinaoggi.it\/website\/wp-json\/wp\/v2\/media?parent=168833"}],"wp:term":[{"taxonomy":"category","embeddable":true,"href":"https:\/\/www.messinaoggi.it\/website\/wp-json\/wp\/v2\/categories?post=168833"},{"taxonomy":"post_tag","embeddable":true,"href":"https:\/\/www.messinaoggi.it\/website\/wp-json\/wp\/v2\/tags?post=168833"}],"curies":[{"name":"wp","href":"https:\/\/api.w.org\/{rel}","templated":true}]}}