{"id":168832,"date":"2023-09-13T09:41:47","date_gmt":"2023-09-13T07:41:47","guid":{"rendered":"http:\/\/www.messinaoggi.it\/website\/?p=168832"},"modified":"2023-09-13T09:45:58","modified_gmt":"2023-09-13T07:45:58","slug":"incendi-cittadini-raccolgono-fondi-e-donano-un-drone","status":"publish","type":"post","link":"https:\/\/www.messinaoggi.it\/website\/2023\/09\/13\/incendi-cittadini-raccolgono-fondi-e-donano-un-drone\/","title":{"rendered":"Incendi, cittadini raccolgono fondi e donano un drone"},"content":{"rendered":"\n<p>A seguito degli incendi che hanno interessato vaste zone delle colline messinesi nel corso di questa estate, un gruppo di cittadini ha promosso una raccolta fondi per fronteggiare i danni subiti dalla citt\u00e0 a causa degli incendi e che hanno messo a dura prova la comunit\u00e0 locale. A conclusione della campagna denominata Help ME, grazie alle donazioni di oltre 500 soggetti sono stati raccolti oltre 10mila euro.<div id=\"div-gpt-ad-Messinaoggi.it-DSK-300x250-corpoart\" style=\"text-align:center;margin:0 auto;\"><\/div><\/p>\n\n\n\n<p> L\u2019attenzione dei promotori dell\u2019azione di solidariet\u00e0 si \u00e8 focalizzata sulla migliore destinazione delle somme. A tal fine, attraverso una sinergia di intenti che ha visto coinvolti l\u2019Amministrazione comunale, gli enti territoriali e le associazioni del terzo settore attive sul territorio, e con il supporto del Comitato Pro Curcuraci presieduto da <strong>Paolo Maggio<\/strong>, le parti hanno concordato di destinare il ricavato della campagna solidale a sostegno di azioni di recupero, tutela e prevenzione. <div id=\"videoincontent\" style=\"clear:both\";><\/div><\/p>\n\n\n\n<p>In particolare, una parte \u00e8 stata utilizzata per l&#8217;acquisto di materiale idrico ed elettrico, consentendo cos\u00ec di riportare le forniture essenziali alle famiglie pi\u00f9 disagiate dagli effetti dannosi degli incendi; un altro segmento \u00e8 stato invece investito per il ripristino della fontana pubblica di Marotta, un importante punto di riferimento e aggregazione per la comunit\u00e0 locale, la cui erogazione era interrotta dal 24 luglio scorso; un\u2019altra parte di somma \u00e8 stata destinata all&#8217;associazione di Accir, vigili del fuoco volontari che nei giorni dell&#8217;emergenza hanno contribuito alla difesa di persone, cose e ambiente dalle fiamme, e che necessitano di continuo supporto, umano e materiale, nella loro nobile attivit\u00e0 di volontariato. Infine, la rimanente parte \u00e8 stata impiegata per l&#8217;acquisto di un drone dotato di camera termica, da affidare alla Protezione Civile comunale per il monitoraggio del territorio e il rapido intervento in caso di eventi futuri.<\/p>\n\n\n\n<p>La donazione dell&#8217;aeromobile a pilotaggio remoto si \u00e8 concretizzata con la consegna al sindaco <strong>Federico Basile,<\/strong> nel corso di un breve incontro a palazzo Zanca, cui ha preso parte l\u2019assessore Massimiliano Minutoli.<\/p>\n\n\n\n<p>Il sindaco Basile ha ringraziato i promotori dell\u2019iniziativa sottolinendo l\u2019importanza di fare squadra sempre, ma soprattutto nei momenti pi\u00f9 critici e di emergenza che mettono a dura prova la cittadinanza. <\/p>\n\n\n\n<p>\u201cUn nobile gesto \u2013 ha detto il sindaco Basile \u2013 arricchito oltre che dallo spirito di solidariet\u00e0, dalla volont\u00e0 di difendere e tutelare il patrimonio naturale e paesaggistico del proprio territorio\u201d.<\/p>\n\n\n\n<p>\u201cIl senso di appartenenza al territorio &#8211; ha aggiunto l\u2019assessore<strong> Massimiliano Minutoli &#8211;<\/strong> si manifesta soprattutto nelle situazioni di emergenza che conduce tutti in un\u2019unica direzione: aiutare e aiutarsi. Ringrazio i promotori per avere contribuito con la donazione di questo drone ad arricchire la dotazione strumentale della nostra Protezione civile per far fronte alle emergenze\u201d.<\/p>\n\n\n\n<p>\u201cRingraziamo il Sindaco e la sua Giunta, il Comitato Curcuraci e tutti coloro che hanno condiviso i contenuti e gli ideali della campagna solidale per avere contribuito a far sorgere nuova vita l\u00ec dove la terra \u00e8 stata bruciata\u201d, il commento dei promotori.<\/p>\n","protected":false},"excerpt":{"rendered":"<p>A seguito degli incendi che hanno interessato vaste zone delle colline messinesi nel corso di questa estate, un gruppo di cittadini ha promosso una raccolta fondi per fronteggiare i danni subiti dalla citt\u00e0 a causa degli incendi e che hanno messo a dura prova la comunit\u00e0 locale. A conclusione della campagna denominata Help ME, grazie [&hellip;]<\/p>\n","protected":false},"author":15,"featured_media":80534,"comment_status":"open","ping_status":"open","sticky":false,"template":"","format":"standard","meta":{"ub_ctt_via":"","_mi_skip_tracking":false},"categories":[6],"tags":[8662,2134,128,8661,7325],"featured_image_src":"https:\/\/www.messinaoggi.it\/website\/wp-content\/uploads\/2021\/09\/Canadair-incendi.jpg","author_info":{"display_name":"red.me","author_link":"https:\/\/www.messinaoggi.it\/website\/author\/red-me\/"},"digistream_id":0,"digistream":false,"_links":{"self":[{"href":"https:\/\/www.messinaoggi.it\/website\/wp-json\/wp\/v2\/posts\/168832"}],"collection":[{"href":"https:\/\/www.messinaoggi.it\/website\/wp-json\/wp\/v2\/posts"}],"about":[{"href":"https:\/\/www.messinaoggi.it\/website\/wp-json\/wp\/v2\/types\/post"}],"author":[{"embeddable":true,"href":"https:\/\/www.messinaoggi.it\/website\/wp-json\/wp\/v2\/users\/15"}],"replies":[{"embeddable":true,"href":"https:\/\/www.messinaoggi.it\/website\/wp-json\/wp\/v2\/comments?post=168832"}],"version-history":[{"count":2,"href":"https:\/\/www.messinaoggi.it\/website\/wp-json\/wp\/v2\/posts\/168832\/revisions"}],"predecessor-version":[{"id":168843,"href":"https:\/\/www.messinaoggi.it\/website\/wp-json\/wp\/v2\/posts\/168832\/revisions\/168843"}],"wp:featuredmedia":[{"embeddable":true,"href":"https:\/\/www.messinaoggi.it\/website\/wp-json\/wp\/v2\/media\/80534"}],"wp:attachment":[{"href":"https:\/\/www.messinaoggi.it\/website\/wp-json\/wp\/v2\/media?parent=168832"}],"wp:term":[{"taxonomy":"category","embeddable":true,"href":"https:\/\/www.messinaoggi.it\/website\/wp-json\/wp\/v2\/categories?post=168832"},{"taxonomy":"post_tag","embeddable":true,"href":"https:\/\/www.messinaoggi.it\/website\/wp-json\/wp\/v2\/tags?post=168832"}],"curies":[{"name":"wp","href":"https:\/\/api.w.org\/{rel}","templated":true}]}}