{"id":168711,"date":"2023-09-11T21:08:02","date_gmt":"2023-09-11T19:08:02","guid":{"rendered":"https:\/\/www.messinaoggi.it\/website\/2023\/09\/11\/tragedia-di-brandizzo-salvini-nomina-la-commissione-dindagine\/"},"modified":"2023-09-11T21:08:02","modified_gmt":"2023-09-11T19:08:02","slug":"tragedia-di-brandizzo-salvini-nomina-la-commissione-dindagine","status":"publish","type":"post","link":"https:\/\/www.messinaoggi.it\/website\/2023\/09\/11\/tragedia-di-brandizzo-salvini-nomina-la-commissione-dindagine\/","title":{"rendered":"Tragedia di Brandizzo, Salvini nomina la commissione d\u2019indagine"},"content":{"rendered":"<div>ROMA (ITALPRESS) &#8211; Il ministro Matteo Salvini ha nominato la commissione ministeriale sulla tragedia avvenuta sulla linea ferroviaria Torino-Milano, all&#8217;altezza di Brandizzo. Nella commissione sono coinvolte alcune delle migliori professionalit\u00e0 del ministero delle infrastrutture e dei trasporti. A guidare l&#8217;organismo, il Presidente del Consiglio Superiore dei Lavori Pubblici Massimo Sessa. Sar\u00e0 affiancato, tra gli altri, dalle direzioni generali competenti e l&#8217;Ansfisa. Cos\u00ec una nota del Mit.<br \/>La commissione voluta da Salvini sar\u00e0 coadiuvata da un comitato tecnico di alto livello, con professori universitari ed esperti di infrastrutture. L&#8217;attivit\u00e0 della commissione finir\u00e0 al 31 dicembre, perch\u00e8 il ministro &#8220;\u00e8 determinato ad avere uno strumento efficace ma rapido&#8221;. &#8220;La commissione potr\u00e0 audire, e operer\u00e0 nel massimo e doveroso rispetto dell&#8217;attivit\u00e0 giudiziaria&#8221;, conclude la nota.<div id=\"div-gpt-ad-Messinaoggi.it-DSK-300x250-corpoart\" style=\"text-align:center;margin:0 auto;\"><\/div><\/p>\n<p>&#8211; foto: Agenzia Fotogramma &#8211;<br \/>(ITALPRESS).<\/div>\n<div id=\"videoincontent\" style=\"clear:both\";><\/div>","protected":false},"excerpt":{"rendered":"<p>ROMA (ITALPRESS) &#8211; Il ministro Matteo Salvini ha nominato la commissione ministeriale sulla tragedia avvenuta sulla linea ferroviaria Torino-Milano, all&#8217;altezza di Brandizzo. Nella commissione sono coinvolte alcune delle migliori professionalit\u00e0 del ministero delle infrastrutture e dei trasporti. A guidare l&#8217;organismo, il Presidente del Consiglio Superiore dei Lavori Pubblici Massimo Sessa. Sar\u00e0 affiancato, tra gli altri, [&hellip;]<\/p>\n","protected":false},"author":18,"featured_media":168712,"comment_status":"closed","ping_status":"closed","sticky":false,"template":"","format":"standard","meta":{"ub_ctt_via":"","_mi_skip_tracking":false},"categories":[446],"tags":[783],"featured_image_src":"https:\/\/www.messinaoggi.it\/website\/wp-content\/uploads\/2023\/09\/20230911_1991.jpg","author_info":{"display_name":"Admin","author_link":"https:\/\/www.messinaoggi.it\/website\/author\/admin\/"},"digistream_id":0,"digistream":false,"_links":{"self":[{"href":"https:\/\/www.messinaoggi.it\/website\/wp-json\/wp\/v2\/posts\/168711"}],"collection":[{"href":"https:\/\/www.messinaoggi.it\/website\/wp-json\/wp\/v2\/posts"}],"about":[{"href":"https:\/\/www.messinaoggi.it\/website\/wp-json\/wp\/v2\/types\/post"}],"author":[{"embeddable":true,"href":"https:\/\/www.messinaoggi.it\/website\/wp-json\/wp\/v2\/users\/18"}],"replies":[{"embeddable":true,"href":"https:\/\/www.messinaoggi.it\/website\/wp-json\/wp\/v2\/comments?post=168711"}],"version-history":[{"count":0,"href":"https:\/\/www.messinaoggi.it\/website\/wp-json\/wp\/v2\/posts\/168711\/revisions"}],"wp:featuredmedia":[{"embeddable":true,"href":"https:\/\/www.messinaoggi.it\/website\/wp-json\/wp\/v2\/media\/168712"}],"wp:attachment":[{"href":"https:\/\/www.messinaoggi.it\/website\/wp-json\/wp\/v2\/media?parent=168711"}],"wp:term":[{"taxonomy":"category","embeddable":true,"href":"https:\/\/www.messinaoggi.it\/website\/wp-json\/wp\/v2\/categories?post=168711"},{"taxonomy":"post_tag","embeddable":true,"href":"https:\/\/www.messinaoggi.it\/website\/wp-json\/wp\/v2\/tags?post=168711"}],"curies":[{"name":"wp","href":"https:\/\/api.w.org\/{rel}","templated":true}]}}