{"id":16867,"date":"2018-03-14T16:41:54","date_gmt":"2018-03-14T15:41:54","guid":{"rendered":"http:\/\/www.messinaoggi.it\/website\/?p=16867"},"modified":"2018-03-14T16:41:54","modified_gmt":"2018-03-14T15:41:54","slug":"maison-e-stilisti-internazionali-a-messina-torna-premio-madama","status":"publish","type":"post","link":"https:\/\/www.messinaoggi.it\/website\/2018\/03\/14\/maison-e-stilisti-internazionali-a-messina-torna-premio-madama\/","title":{"rendered":"Maison e stilisti internazionali a Messina: torna premio Madama"},"content":{"rendered":"<p align=\"JUSTIFY\"><span style=\"color: #000000\"><span style=\"font-family: Arial, sans-serif\"><span style=\"font-size: medium\">Appuntamento al Palacultura venerd\u00ec 23: torna premio Madama, l&#8217;evento dell&#8217;alta moda \u2013 unico nel Messinese &#8211; promosso dall&#8217;associazione culturale Prima Sicilia e patrocinato dalla Camera nazionale della Moda Italiana giunto quest&#8217;anno alla seconda edizione. Istituito in ricordo della stilista messinese Mimma Ferraro, che negli anni &#8217;50 collabor\u00f2 con Chanel, Yves Saint Laurent e Christian Dior cos\u00ec da essere ribattezzata &#8220;Madama Ferraro&#8221;, il riconoscimento ha finalit\u00e0 benefiche: grazie dalla donazione di uova di Pasqua da parte della Gi.Cap Spa saranno raccolti fondi per i 50 anni dell&#8217;AISM (associazione italiana lotta alla sclerosi multipla) e la Salus C. D&#8217;Agostino Onlus &#8211; Navetta del Sorriso (trasporto gratuito di pazienti per chemioterapia).\u00a0<\/span><\/span><\/span><div id=\"div-gpt-ad-Messinaoggi.it-DSK-300x250-corpoart\" style=\"text-align:center;margin:0 auto;\"><\/div><\/p>\n<p align=\"JUSTIFY\"><span style=\"color: #000000\"><span style=\"font-family: Arial, sans-serif\"><span style=\"font-size: medium\">Tra gli illustri nomi che hanno preso parte alla scorsa edizione troviamo: Fausto Puglisi, Marco De Vincenzo, Gerardo Sacco, DiLiborio, Franco Ciambella, Roberto Guarducci (Fendi), Amelia Casablana, la presidente di TaoModa Agata Patrizia Saccone, l&#8217;imprenditore Filippo Miracula; gli ospiti della II edizione saranno annunciati questo venerd\u00ec nella Sala Ovale del Comune di Messina.\u00a0<\/span><\/span><\/span><div id=\"videoincontent\" style=\"clear:both\";><\/div><\/p>\n<p align=\"JUSTIFY\"><span style=\"color: #000000\"><span style=\"font-family: Arial, sans-serif\"><span style=\"font-size: medium\">L&#8217;evento, con inizio alla ore 20 (ingresso libero), sar\u00e0 condotto dai giornalisti\u00a0<b>Marika Micalizzi<\/b>\u00a0e\u00a0<b>Massimiliano Cavaleri<\/b>\u00a0e organizzato da\u00a0<b>Patrizia Casale<\/b>. Prenderanno parte all&#8217;incontro con la stampa:\u00a0<b>Mariantonella Ferraro\u00a0<\/b>(figlia di Mimma);\u00a0<b>Giuseppe Miraudo\u00a0<\/b>(direttore del\u00a0Museo del Costume e della Moda Siciliana, che custodisce molti abiti dell&#8217;atelier Ferraro); l&#8217;assessore comunale alla Cultura\u00a0<b>Federico Alagna<\/b>; il presidente dell&#8217;AISM\u00a0<b>Angelo La Via<\/b>; la presidente dell&#8217;ass. Salus\u00a0<b>Graziella Paino<\/b>; il presidente dei Mediterranea eventi\u00a0<b>Alfredo Finanze<\/b>; la sezione di Messina dell&#8217;AMMI presieduta da\u00a0<b>Francesca De Domenico Leonardi<\/b>; il CRAL Provincia Messina, presieduto da\u00a0<b>Gaetano Antonazzo<\/b>;\u00a0una rappresentanza di Misericordia, che l&#8217;anno scorso grazie anche al contributo della serata ha acquistato un&#8217;ambulanza; gli\u00a0Istituti Alberghiero Antonello e Liceo artistico Basile con le dirigenti scolastiche\u00a0<b>Maria Muscher\u00e0\u00a0<\/b>e\u00a0<b>Giuseppa Prestipino<\/b>. Fashion set a cura della dj\u00a0<b>Helen Brown<\/b>.\u00a0<span style=\"color: #000000\"><span style=\"font-family: Arial, sans-serif\"><span style=\"font-size: medium\">Durante la serata &#8211; sfilata saranno presentati alcuni capi storici e di nuove collezioni e i premiati riceveranno la statuetta rossa realizzata dal maestro scultore\u00a0<b>Antonello Arena<\/b>. Sono previsti momenti dedicati al design internazionale e al successo dei &#8220;fashion blogger e influencer&#8221;.\u00a0<\/span><\/span><\/span><\/span><\/span><\/span><\/p>\n","protected":false},"excerpt":{"rendered":"<p>Appuntamento al Palacultura venerd\u00ec 23: torna premio Madama, l&#8217;evento dell&#8217;alta moda \u2013 unico nel Messinese &#8211; promosso dall&#8217;associazione culturale Prima Sicilia e patrocinato dalla Camera nazionale della Moda Italiana giunto quest&#8217;anno alla seconda edizione. Istituito in ricordo della stilista messinese Mimma Ferraro, che negli anni &#8217;50 collabor\u00f2 con Chanel, Yves Saint Laurent e Christian Dior [&hellip;]<\/p>\n","protected":false},"author":8,"featured_media":16869,"comment_status":"closed","ping_status":"open","sticky":false,"template":"","format":"standard","meta":{"ub_ctt_via":"","_mi_skip_tracking":false},"categories":[17],"tags":[],"featured_image_src":"https:\/\/www.messinaoggi.it\/website\/wp-content\/uploads\/2018\/03\/Premio-Madama-2017-1.jpg","author_info":{"display_name":"red..me","author_link":"https:\/\/www.messinaoggi.it\/website\/author\/redstage\/"},"digistream_id":0,"digistream":false,"_links":{"self":[{"href":"https:\/\/www.messinaoggi.it\/website\/wp-json\/wp\/v2\/posts\/16867"}],"collection":[{"href":"https:\/\/www.messinaoggi.it\/website\/wp-json\/wp\/v2\/posts"}],"about":[{"href":"https:\/\/www.messinaoggi.it\/website\/wp-json\/wp\/v2\/types\/post"}],"author":[{"embeddable":true,"href":"https:\/\/www.messinaoggi.it\/website\/wp-json\/wp\/v2\/users\/8"}],"replies":[{"embeddable":true,"href":"https:\/\/www.messinaoggi.it\/website\/wp-json\/wp\/v2\/comments?post=16867"}],"version-history":[{"count":0,"href":"https:\/\/www.messinaoggi.it\/website\/wp-json\/wp\/v2\/posts\/16867\/revisions"}],"wp:featuredmedia":[{"embeddable":true,"href":"https:\/\/www.messinaoggi.it\/website\/wp-json\/wp\/v2\/media\/16869"}],"wp:attachment":[{"href":"https:\/\/www.messinaoggi.it\/website\/wp-json\/wp\/v2\/media?parent=16867"}],"wp:term":[{"taxonomy":"category","embeddable":true,"href":"https:\/\/www.messinaoggi.it\/website\/wp-json\/wp\/v2\/categories?post=16867"},{"taxonomy":"post_tag","embeddable":true,"href":"https:\/\/www.messinaoggi.it\/website\/wp-json\/wp\/v2\/tags?post=16867"}],"curies":[{"name":"wp","href":"https:\/\/api.w.org\/{rel}","templated":true}]}}