{"id":16858,"date":"2018-03-14T16:06:06","date_gmt":"2018-03-14T15:06:06","guid":{"rendered":"http:\/\/www.messinaoggi.it\/website\/?p=16858"},"modified":"2018-03-14T16:06:06","modified_gmt":"2018-03-14T15:06:06","slug":"politica-e-sindacato-in-lutto-morto-lon-tripodi-fu-una-vita-nel-pci","status":"publish","type":"post","link":"https:\/\/www.messinaoggi.it\/website\/2018\/03\/14\/politica-e-sindacato-in-lutto-morto-lon-tripodi-fu-una-vita-nel-pci\/","title":{"rendered":"Politica e sindacato in lutto, morto l&#039;on. Tripodi: fu una vita nel PCI"},"content":{"rendered":"<p style=\"text-align: justify;\">Si \u00e8 spento questa mattina a Reggio Calabria all\u2019et\u00e0 di 90 anni, Girolamo Tripodi, padre del segretario generale della Uil di Messina, Ivan Tripodi. L\u2019on.le Tripodi \u00e8 stato familiarmente conosciuto con il diminutivo <i>Mommo<\/i>, e si \u00e8 rivelato uno degli uomini politici calabresi pi\u00f9 popolari e radicati nel territorio. Ha avuto un lungo passato da bracciante agricolo e la storia della sua militanza politica nasce proprio dalle lotte sociali intraprese dalle masse contadine meridionali alla fine della seconda guerra mondiale. Si \u00e8 iscritto al Partito Comunista Italiano nel 1950. Tripodi diventa sindacalista della Federbraccianti-CGIL.<div id=\"div-gpt-ad-Messinaoggi.it-DSK-300x250-corpoart\" style=\"text-align:center;margin:0 auto;\"><\/div><\/p>\n<p style=\"text-align: justify;\">Vicesegretario della Federbraccianti CGIL di Reggio Calabria nel 1960 e Segretario dal 1963 al 1969. Componente della Segreteria confederale della CGIL di Reggio Calabria dal 1965 al 1969 e del Comitato centrale della Federbraccianti. Componente del Comitato Direttivo della sezione del PCI di Polistena e Segretario dal 1956 al 1960. Dal 1960 componente del Comitato Federale e del Comitato Direttivo della Federazione provinciale reggina del PCI. Ha fatto parte del Comitato regionale del PCI dal 1967. Vicepresidente della Commissione regionale di controllo del PCI calabrese. \u00c8 stato tra i fondatori, nel febbraio del 1991, del Partito di Rifondazione Comunista e, nell&#8217;ottobre del 1998, del Partito dei Comunisti Italiani. Parlamentare della Repubblica per cinque legislature e Sindaco di Polistena per circa trentuno anni.<div id=\"videoincontent\" style=\"clear:both\";><\/div><\/p>\n<p style=\"text-align: justify;\">Alla sua famiglia e a suo figlio Ivan, vanno le pi\u00f9 sentite condoglianze della redazione di Messinaoggi.it.<\/p>\n","protected":false},"excerpt":{"rendered":"<p>Si \u00e8 spento questa mattina a Reggio Calabria all\u2019et\u00e0 di 90 anni, Girolamo Tripodi, padre del segretario generale della Uil di Messina, Ivan Tripodi. L\u2019on.le Tripodi \u00e8 stato familiarmente conosciuto con il diminutivo Mommo, e si \u00e8 rivelato uno degli uomini politici calabresi pi\u00f9 popolari e radicati nel territorio. Ha avuto un lungo passato da [&hellip;]<\/p>\n","protected":false},"author":2,"featured_media":8857,"comment_status":"closed","ping_status":"open","sticky":false,"template":"","format":"standard","meta":{"ub_ctt_via":"","_mi_skip_tracking":false},"categories":[6],"tags":[],"featured_image_src":"https:\/\/www.messinaoggi.it\/website\/wp-content\/uploads\/2017\/10\/lutto-2.jpg","author_info":{"display_name":"Redazione","author_link":"https:\/\/www.messinaoggi.it\/website\/author\/redazione\/"},"digistream_id":0,"digistream":false,"_links":{"self":[{"href":"https:\/\/www.messinaoggi.it\/website\/wp-json\/wp\/v2\/posts\/16858"}],"collection":[{"href":"https:\/\/www.messinaoggi.it\/website\/wp-json\/wp\/v2\/posts"}],"about":[{"href":"https:\/\/www.messinaoggi.it\/website\/wp-json\/wp\/v2\/types\/post"}],"author":[{"embeddable":true,"href":"https:\/\/www.messinaoggi.it\/website\/wp-json\/wp\/v2\/users\/2"}],"replies":[{"embeddable":true,"href":"https:\/\/www.messinaoggi.it\/website\/wp-json\/wp\/v2\/comments?post=16858"}],"version-history":[{"count":0,"href":"https:\/\/www.messinaoggi.it\/website\/wp-json\/wp\/v2\/posts\/16858\/revisions"}],"wp:featuredmedia":[{"embeddable":true,"href":"https:\/\/www.messinaoggi.it\/website\/wp-json\/wp\/v2\/media\/8857"}],"wp:attachment":[{"href":"https:\/\/www.messinaoggi.it\/website\/wp-json\/wp\/v2\/media?parent=16858"}],"wp:term":[{"taxonomy":"category","embeddable":true,"href":"https:\/\/www.messinaoggi.it\/website\/wp-json\/wp\/v2\/categories?post=16858"},{"taxonomy":"post_tag","embeddable":true,"href":"https:\/\/www.messinaoggi.it\/website\/wp-json\/wp\/v2\/tags?post=16858"}],"curies":[{"name":"wp","href":"https:\/\/api.w.org\/{rel}","templated":true}]}}