{"id":16850,"date":"2018-03-14T12:01:17","date_gmt":"2018-03-14T11:01:17","guid":{"rendered":"http:\/\/www.messinaoggi.it\/website\/?p=16850"},"modified":"2018-03-14T12:01:17","modified_gmt":"2018-03-14T11:01:17","slug":"16850picciolo-spacca-il-centrosinistra-e-manda-un-messaggio-a-bramanti","status":"publish","type":"post","link":"https:\/\/www.messinaoggi.it\/website\/2018\/03\/14\/16850picciolo-spacca-il-centrosinistra-e-manda-un-messaggio-a-bramanti\/","title":{"rendered":"Picciolo spacca il Centrosinistra e manda un messaggio a Bramanti"},"content":{"rendered":"<p style=\"text-align: justify;\">&#8220;<em>A distanza di oltre una settimana dal voto nazionale, nonostante l\u2019esaltante risultato messinese di Sicilia Futura all\u2019interno delle liste del PD, avvertiamo a livello Regionale e Nazionale, dai vertici del PD medesimo , un assordante loro silenzio accompagnato, inoltre, da una serie di comunicati di pezzi importanti del Partito che nelle varie provincie rivendicano a vario titolo, a loro dire legittimamente, diritto di tribuna pontificando sulle cause della debacle del PD regionale! Poich\u00e9, avendone anche parlato con Tot\u00f2 Cardinale e con i nostri amici di Sicilia Futura , avvertiamo una certa ostilit\u00e0 politica nei confronti della nostra Componente, nonostante gli sforzi fatti da noi tutti per sostenere il progetto comune, voglio tranquillizzare i nostri amici e, soprattutto, avvisare le Cassandre che Sicilia Futura gode di ottima salute politica ed e\u2019 un gruppo coeso ricco di valori , contenuti ed energie ! Un gruppo che, quindi, non ripeter\u00e0 gli errori di generosit\u00e0 \u201cunilaterale\u201d del passato e si far\u00e0 invece ancora una volta apprezzare per la propria identit\u00e0 ed autonomia fondata su valori politici ed un patrimonio inestimabile di credibilit\u00e0 e rapporti umani e personali in tutta la nostra Sicilia. #Avantitutta Beppe Picciolo&#8221;.<\/em><div id=\"div-gpt-ad-Messinaoggi.it-DSK-300x250-corpoart\" style=\"text-align:center;margin:0 auto;\"><\/div><\/p>\n<p style=\"text-align: justify;\">Un post carico di veleno e pesante come il piombo. Beppe Picciolo squarcia in questo modo il silenzio assordante che regna nel centrosinistra, lasciandosi andare a questa amara riflessione a dieci giorni esatti dal tornado elettorale che ha colpito il Partito Democratico.<div id=\"videoincontent\" style=\"clear:both\";><\/div><\/p>\n<p style=\"text-align: justify;\">Il leader di Sicilia Futura per\u00f2 non guarda al passato, ma al futuro, a quel futuro che fa rima come le elezioni amministrative del prossimo 10 giugno. A preoccupare Picciolo il silenzio che sta imperversando sul partito, venerd\u00ec ci dovrebbe essere l\u2019incontro in cui si decider\u00e0 la sfilza di nomi dal quale dovrebbe uscire il futuro candidato alla poltrona di primo cittadino.<\/p>\n<p style=\"text-align: justify;\">La pista che porta ad Antonio Saitta sembra quella pi\u00f9 calda, ma non sembra entusiasmare il fronte di Sicilia Futura, che non intende partecipare ad una corsa a perdere, un po&#8217; come accaduto per le scorse regionali con Fabrizio Micari. Ci sono anche dei problemi interni da risolvere, Picciolo, come si evince dal post, sente di non essere il benvenuto.<\/p>\n<p style=\"text-align: justify;\">Il problema \u00e8 che la mole di voti portata sia dall\u2019ex deputato regionale che da Fabio D\u2019Amore viene ritenuta meritevole di considerazione dai diretti interessati, che invece puntano il dito contro una base di un partito rimasta ferma ai nastri di partenza.<\/p>\n<p style=\"text-align: justify;\">A questo punto tutto \u00e8 possibile, anche che Picciolo guardi al centrodestra, scenario di cui si vocifera da tempo ma che fino a pochi giorni fa sembrava fantapolitica. Il nome di Dino Bramanti come futuro candidato sindaco \u00e8 un\u2019ipotesi che piace, cos\u00ec come un progetto inclusivo volto a guardare a pi\u00f9 anime politiche. E cos\u00ec la fantapolitica pu\u00f2 divenre realt\u00e0.<\/p>\n","protected":false},"excerpt":{"rendered":"<p>&#8220;A distanza di oltre una settimana dal voto nazionale, nonostante l\u2019esaltante risultato messinese di Sicilia Futura all\u2019interno delle liste del PD, avvertiamo a livello Regionale e Nazionale, dai vertici del PD medesimo , un assordante loro silenzio accompagnato, inoltre, da una serie di comunicati di pezzi importanti del Partito che nelle varie provincie rivendicano a [&hellip;]<\/p>\n","protected":false},"author":14,"featured_media":8310,"comment_status":"closed","ping_status":"open","sticky":false,"template":"","format":"standard","meta":{"ub_ctt_via":"","_mi_skip_tracking":false},"categories":[4],"tags":[],"featured_image_src":"https:\/\/www.messinaoggi.it\/website\/wp-content\/uploads\/2017\/09\/picciolo-RRP_7623-2.jpg","author_info":{"display_name":"Antonio Macauda","author_link":"https:\/\/www.messinaoggi.it\/website\/author\/a-macauda\/"},"digistream_id":0,"digistream":false,"_links":{"self":[{"href":"https:\/\/www.messinaoggi.it\/website\/wp-json\/wp\/v2\/posts\/16850"}],"collection":[{"href":"https:\/\/www.messinaoggi.it\/website\/wp-json\/wp\/v2\/posts"}],"about":[{"href":"https:\/\/www.messinaoggi.it\/website\/wp-json\/wp\/v2\/types\/post"}],"author":[{"embeddable":true,"href":"https:\/\/www.messinaoggi.it\/website\/wp-json\/wp\/v2\/users\/14"}],"replies":[{"embeddable":true,"href":"https:\/\/www.messinaoggi.it\/website\/wp-json\/wp\/v2\/comments?post=16850"}],"version-history":[{"count":0,"href":"https:\/\/www.messinaoggi.it\/website\/wp-json\/wp\/v2\/posts\/16850\/revisions"}],"wp:featuredmedia":[{"embeddable":true,"href":"https:\/\/www.messinaoggi.it\/website\/wp-json\/wp\/v2\/media\/8310"}],"wp:attachment":[{"href":"https:\/\/www.messinaoggi.it\/website\/wp-json\/wp\/v2\/media?parent=16850"}],"wp:term":[{"taxonomy":"category","embeddable":true,"href":"https:\/\/www.messinaoggi.it\/website\/wp-json\/wp\/v2\/categories?post=16850"},{"taxonomy":"post_tag","embeddable":true,"href":"https:\/\/www.messinaoggi.it\/website\/wp-json\/wp\/v2\/tags?post=16850"}],"curies":[{"name":"wp","href":"https:\/\/api.w.org\/{rel}","templated":true}]}}