{"id":168387,"date":"2023-09-08T12:34:56","date_gmt":"2023-09-08T10:34:56","guid":{"rendered":"http:\/\/www.messinaoggi.it\/website\/?p=168387"},"modified":"2023-09-08T12:34:59","modified_gmt":"2023-09-08T10:34:59","slug":"messinacque-proroga-per-la-selezione-ma-si-va-avanti-col-privato","status":"publish","type":"post","link":"https:\/\/www.messinaoggi.it\/website\/2023\/09\/08\/messinacque-proroga-per-la-selezione-ma-si-va-avanti-col-privato\/","title":{"rendered":"Messinacque: proroga per la selezione, ma si va avanti col privato"},"content":{"rendered":"\n<p>Ci sono nuovi sviluppi sulla vicenda Messinacque spa, che tante polemiche ha sollevato per via del nuovo socio gestore privato che dovrebbe addossarsi insieme ai comuni della provincia messinese il peso della gestione del servizio idrico su tutta la Citt\u00e0 Metropolitana. <div id=\"div-gpt-ad-Messinaoggi.it-DSK-300x250-corpoart\" style=\"text-align:center;margin:0 auto;\"><\/div><\/p>\n\n\n\n<p>L&#8217;Assemblea territoriale idrica di Messina (ATI) ha pubblicato <a href=\"http:\/\/www.atiacquemessina.it\/atimessina\/po\/mostra_news.php?id=14&amp;area=H\" data-type=\"URL\" data-id=\"http:\/\/www.atiacquemessina.it\/atimessina\/po\/mostra_news.php?id=14&amp;area=H\">un avviso sul proprio sito,<\/a> con cui si rende nota la proroga del termine di scadenza del bando (importo a base di gara :\u00a02.569.505.531,44 \u20ac) per la selezione del socio privato al 30 ottobre 2023, anzich\u00e9 il 15 settembre.<div id=\"videoincontent\" style=\"clear:both\";><\/div><\/p>\n\n\n\n<p> Questo perch\u00e9 si sono resi necessari alle societ\u00e0 interessate a partecipare alcuni chiarimenti che ATI dovr\u00e0 fornire entro il prossimo 11 Settembre. <\/p>\n\n\n\n<p>Insomma, la corsa verso la nuova gestione continua verso la strada tracciata dalla Regione Siciliana, nonostante ci si prenda del tempo. E nonostante i no di tanti comuni, capofila quello di Messina, che hanno bocciato il piano nei loro consigli comunali. <\/p>\n\n\n\n<p>L&#8217;ingresso del socio privato desta infatti preoccupazioni tra i comuni del territorio per la possibile perdita di controllo sul servizio. Nonostante il 51% della gestione resti al pubblico, questo deve essere suddiviso tra le quote destinate a tutti i vari comuni metropolitani. <\/p>\n\n\n\n<p>La gestione e il controllo sul servizio idrico rischiano di essere impossibili e farraginose per i comuni, almeno secondo i dubbi sollevati. <\/p>\n\n\n\n<p>Eppure il Governo regionale siciliano, dopo i tanti no, ha imposto diversi commissariamenti ai comuni per la procedura di transizione alla nuova gestione, passaggio non gradito da sindaci e consigli comunali.<\/p>\n\n\n\n<p> Nonostante le resistenze per\u00f2, sembra tutto gi\u00e0 scritto. Messinacque spa pare s&#8217;abbia da fare. <\/p>\n\n\n\n<p><strong>Michele Bruno.<\/strong><\/p>\n","protected":false},"excerpt":{"rendered":"<p>Ci sono nuovi sviluppi sulla vicenda Messinacque spa, che tante polemiche ha sollevato per via del nuovo socio gestore privato che dovrebbe addossarsi insieme ai comuni della provincia messinese il peso della gestione del servizio idrico su tutta la Citt\u00e0 Metropolitana. L&#8217;Assemblea territoriale idrica di Messina (ATI) ha pubblicato un avviso sul proprio sito, con [&hellip;]<\/p>\n","protected":false},"author":123457,"featured_media":152421,"comment_status":"open","ping_status":"open","sticky":false,"template":"","format":"standard","meta":{"ub_ctt_via":"","_mi_skip_tracking":false},"categories":[6],"tags":[8629,8313,5054,8312,8314],"featured_image_src":"https:\/\/www.messinaoggi.it\/website\/wp-content\/uploads\/2023\/04\/acqua-rubinetto-3-2-420x252-1.jpg","author_info":{"display_name":"Michele Bruno","author_link":"https:\/\/www.messinaoggi.it\/website\/author\/michele-bruno\/"},"digistream_id":0,"digistream":false,"_links":{"self":[{"href":"https:\/\/www.messinaoggi.it\/website\/wp-json\/wp\/v2\/posts\/168387"}],"collection":[{"href":"https:\/\/www.messinaoggi.it\/website\/wp-json\/wp\/v2\/posts"}],"about":[{"href":"https:\/\/www.messinaoggi.it\/website\/wp-json\/wp\/v2\/types\/post"}],"author":[{"embeddable":true,"href":"https:\/\/www.messinaoggi.it\/website\/wp-json\/wp\/v2\/users\/123457"}],"replies":[{"embeddable":true,"href":"https:\/\/www.messinaoggi.it\/website\/wp-json\/wp\/v2\/comments?post=168387"}],"version-history":[{"count":1,"href":"https:\/\/www.messinaoggi.it\/website\/wp-json\/wp\/v2\/posts\/168387\/revisions"}],"predecessor-version":[{"id":168388,"href":"https:\/\/www.messinaoggi.it\/website\/wp-json\/wp\/v2\/posts\/168387\/revisions\/168388"}],"wp:featuredmedia":[{"embeddable":true,"href":"https:\/\/www.messinaoggi.it\/website\/wp-json\/wp\/v2\/media\/152421"}],"wp:attachment":[{"href":"https:\/\/www.messinaoggi.it\/website\/wp-json\/wp\/v2\/media?parent=168387"}],"wp:term":[{"taxonomy":"category","embeddable":true,"href":"https:\/\/www.messinaoggi.it\/website\/wp-json\/wp\/v2\/categories?post=168387"},{"taxonomy":"post_tag","embeddable":true,"href":"https:\/\/www.messinaoggi.it\/website\/wp-json\/wp\/v2\/tags?post=168387"}],"curies":[{"name":"wp","href":"https:\/\/api.w.org\/{rel}","templated":true}]}}