{"id":168381,"date":"2023-09-08T12:08:02","date_gmt":"2023-09-08T10:08:02","guid":{"rendered":"https:\/\/www.messinaoggi.it\/website\/2023\/09\/08\/perozzi-acquisisce-le-quote-del-fondo-europeo-npl-utp-sicav\/"},"modified":"2023-09-08T12:08:02","modified_gmt":"2023-09-08T10:08:02","slug":"perozzi-acquisisce-le-quote-del-fondo-europeo-npl-utp-sicav","status":"publish","type":"post","link":"https:\/\/www.messinaoggi.it\/website\/2023\/09\/08\/perozzi-acquisisce-le-quote-del-fondo-europeo-npl-utp-sicav\/","title":{"rendered":"Perozzi acquisisce le quote del Fondo Europeo NPL &amp; UTP Sicav"},"content":{"rendered":"<div>MILANO (ITALPRESS) &#8211; Novit\u00e0 nel mondo degli investimenti finanziari immobiliari: Salvatore Perozzi, CEO &amp; Founder di Vitaly Spa, ha acquisito il 33% di quote dirette del fondo europeo NPL &amp; UTP sicav. &#8220;Un passo avanti che rafforza ulteriormente la posizione del fondo e apre nuove prospettive nell&#8217;industria&#8221;, spiega una nota in cui si sottolinea che &#8220;l&#8217;accordo sar\u00e0 presto sottoscrivibile anche in Italia, offrendo l&#8217;opportunit\u00e0 agli investitori italiani di partecipare a questa crescita&#8221;. Prevista la raccolta nel mercato italiano di oltre 500 milioni di euro.<br \/>Vitaly batte anche i colossi nella concorrenza per la corsa al portafoglio ipotecario di primo grado aggiudicandosi 22 milioni di portafoglio immobiliare direttamente da Banca Valsabbina e facendo cominciare il timing per gli investitori immobiliari che vogliono realizzare plusvalenze di alto livello.<br \/>La principale novit\u00e0 di questa iniziativa sta nell&#8217;approccio di Vitaly Spa agli NPL (non-performing loans). L&#8217;azienda infatti, ha siglato una partnership esclusiva con NPL REsolutions Point. Questa piattaforma \u00e8 dedicata agli agenti immobiliari in tutta Italia, offrendo loro l&#8217;opportunit\u00e0 di accedere al mercato dei crediti ipotecari e di presentare ai loro clienti investitori opportunit\u00e0 esclusive per generare profitti attraverso l&#8217;acquisto diretto di crediti di primo ordine e degli immobili ad essi associati. Un approccio che apre la strada a nuove possibilit\u00e0, evitando il tradizionale processo d&#8217;asta e creando valore senza i costi e i rischi associati.<br \/>&#8220;Questa nuova tappa nell&#8217;evoluzione di Vitaly Spa &#8211; si legge nella nota &#8211; dimostra l&#8217;impegno dell&#8217;azienda nell&#8217;affrontare gli NPL non solo come sfida, ma come vere e proprie opportunit\u00e0 finanziarie, riuscendo a ottenere riconoscimenti in tutto il panorama europeo&#8221;.<br \/>Per ulteriori dettagli \u00e8 possibile consultare i seguenti link: www.vitalyspa.it, www.nplresolutionspoint.it, www.europeanfundnplutp.eu.<div id=\"div-gpt-ad-Messinaoggi.it-DSK-300x250-corpoart\" style=\"text-align:center;margin:0 auto;\"><\/div><\/p>\n<p>&#8211; foto ufficio stampa Europe Media &#8211;<br \/>(ITALPRESS).<\/div>\n<div id=\"videoincontent\" style=\"clear:both\";><\/div>","protected":false},"excerpt":{"rendered":"<p>MILANO (ITALPRESS) &#8211; Novit\u00e0 nel mondo degli investimenti finanziari immobiliari: Salvatore Perozzi, CEO &amp; Founder di Vitaly Spa, ha acquisito il 33% di quote dirette del fondo europeo NPL &amp; UTP sicav. &#8220;Un passo avanti che rafforza ulteriormente la posizione del fondo e apre nuove prospettive nell&#8217;industria&#8221;, spiega una nota in cui si sottolinea che [&hellip;]<\/p>\n","protected":false},"author":18,"featured_media":168382,"comment_status":"closed","ping_status":"closed","sticky":false,"template":"","format":"standard","meta":{"ub_ctt_via":"","_mi_skip_tracking":false},"categories":[446],"tags":[783],"featured_image_src":"https:\/\/www.messinaoggi.it\/website\/wp-content\/uploads\/2023\/09\/20230908_0331.jpg","author_info":{"display_name":"Admin","author_link":"https:\/\/www.messinaoggi.it\/website\/author\/admin\/"},"digistream_id":0,"digistream":false,"_links":{"self":[{"href":"https:\/\/www.messinaoggi.it\/website\/wp-json\/wp\/v2\/posts\/168381"}],"collection":[{"href":"https:\/\/www.messinaoggi.it\/website\/wp-json\/wp\/v2\/posts"}],"about":[{"href":"https:\/\/www.messinaoggi.it\/website\/wp-json\/wp\/v2\/types\/post"}],"author":[{"embeddable":true,"href":"https:\/\/www.messinaoggi.it\/website\/wp-json\/wp\/v2\/users\/18"}],"replies":[{"embeddable":true,"href":"https:\/\/www.messinaoggi.it\/website\/wp-json\/wp\/v2\/comments?post=168381"}],"version-history":[{"count":0,"href":"https:\/\/www.messinaoggi.it\/website\/wp-json\/wp\/v2\/posts\/168381\/revisions"}],"wp:featuredmedia":[{"embeddable":true,"href":"https:\/\/www.messinaoggi.it\/website\/wp-json\/wp\/v2\/media\/168382"}],"wp:attachment":[{"href":"https:\/\/www.messinaoggi.it\/website\/wp-json\/wp\/v2\/media?parent=168381"}],"wp:term":[{"taxonomy":"category","embeddable":true,"href":"https:\/\/www.messinaoggi.it\/website\/wp-json\/wp\/v2\/categories?post=168381"},{"taxonomy":"post_tag","embeddable":true,"href":"https:\/\/www.messinaoggi.it\/website\/wp-json\/wp\/v2\/tags?post=168381"}],"curies":[{"name":"wp","href":"https:\/\/api.w.org\/{rel}","templated":true}]}}