{"id":16835,"date":"2018-03-14T10:19:35","date_gmt":"2018-03-14T09:19:35","guid":{"rendered":"http:\/\/www.messinaoggi.it\/website\/?p=16835"},"modified":"2018-03-14T10:19:35","modified_gmt":"2018-03-14T09:19:35","slug":"semafori-distrutti-sul-viale-gazzi-gioveni-sollecita-il-ripristino","status":"publish","type":"post","link":"https:\/\/www.messinaoggi.it\/website\/2018\/03\/14\/semafori-distrutti-sul-viale-gazzi-gioveni-sollecita-il-ripristino\/","title":{"rendered":"Semafori distrutti sul viale Gazzi, Gioveni sollecita il ripristino"},"content":{"rendered":"<p>Il consigliere comunale, Libero Gioveni, ha sollecitato al Dirigente del Dipartimento mobilit\u00e0 urbana Mario Pizzino i necessari interventi di ripristino dell&#8217;importante impianto semaforico di viale Gazzi all&#8217;intersezione con Fondo Fucile e villaggio Aldisio.<br \/>\n&#8220;Questi semafori &#8211; ricorda Gioveni &#8211; erano stati vandalizzati per la seconda volta nel giro di un mese il primo febbraio scorso, con buona pace per gli automobilisti che gi\u00e0 da un mese e mezzo, quindi, devono prestare particolare attenzione nel pericolosissimo incrocio ogni qualvolta lo attraversano.<br \/>\nAppare superfluo ribadire l&#8217;urgenza dell&#8217;intervento &#8211; prosegue il consigliere &#8211; visto il punto strategico e trafficatissimo in cui l&#8217;impianto distrutto risulta essere ubicato, per cui, seppur non si possa non provare profonda indignazione per questi gesti di inaudita incivilt\u00e0, di contro il Dipartimento non pu\u00f2 pi\u00f9 di certo tergiversare sulla necessit\u00e0 di ripristinare il regolare funzionamento dell&#8217;impianto.<br \/>\nPertanto &#8211; conclude Gioveni &#8211; auspico un celere riscontro del sollecito da parte del Dipartimento ad assoluta garanzia della pubblica sicurezza&#8221;.<div id=\"div-gpt-ad-Messinaoggi.it-DSK-300x250-corpoart\" style=\"text-align:center;margin:0 auto;\"><\/div><\/p>\n<div id=\"videoincontent\" style=\"clear:both\";><\/div>","protected":false},"excerpt":{"rendered":"<p>Il consigliere comunale, Libero Gioveni, ha sollecitato al Dirigente del Dipartimento mobilit\u00e0 urbana Mario Pizzino i necessari interventi di ripristino dell&#8217;importante impianto semaforico di viale Gazzi all&#8217;intersezione con Fondo Fucile e villaggio Aldisio. &#8220;Questi semafori &#8211; ricorda Gioveni &#8211; erano stati vandalizzati per la seconda volta nel giro di un mese il primo febbraio scorso, [&hellip;]<\/p>\n","protected":false},"author":2,"featured_media":8001,"comment_status":"closed","ping_status":"open","sticky":false,"template":"","format":"standard","meta":{"ub_ctt_via":"","_mi_skip_tracking":false},"categories":[5],"tags":[],"featured_image_src":"https:\/\/www.messinaoggi.it\/website\/wp-content\/uploads\/2017\/09\/semaforo-2.jpg","author_info":{"display_name":"Redazione","author_link":"https:\/\/www.messinaoggi.it\/website\/author\/redazione\/"},"digistream_id":0,"digistream":false,"_links":{"self":[{"href":"https:\/\/www.messinaoggi.it\/website\/wp-json\/wp\/v2\/posts\/16835"}],"collection":[{"href":"https:\/\/www.messinaoggi.it\/website\/wp-json\/wp\/v2\/posts"}],"about":[{"href":"https:\/\/www.messinaoggi.it\/website\/wp-json\/wp\/v2\/types\/post"}],"author":[{"embeddable":true,"href":"https:\/\/www.messinaoggi.it\/website\/wp-json\/wp\/v2\/users\/2"}],"replies":[{"embeddable":true,"href":"https:\/\/www.messinaoggi.it\/website\/wp-json\/wp\/v2\/comments?post=16835"}],"version-history":[{"count":0,"href":"https:\/\/www.messinaoggi.it\/website\/wp-json\/wp\/v2\/posts\/16835\/revisions"}],"wp:featuredmedia":[{"embeddable":true,"href":"https:\/\/www.messinaoggi.it\/website\/wp-json\/wp\/v2\/media\/8001"}],"wp:attachment":[{"href":"https:\/\/www.messinaoggi.it\/website\/wp-json\/wp\/v2\/media?parent=16835"}],"wp:term":[{"taxonomy":"category","embeddable":true,"href":"https:\/\/www.messinaoggi.it\/website\/wp-json\/wp\/v2\/categories?post=16835"},{"taxonomy":"post_tag","embeddable":true,"href":"https:\/\/www.messinaoggi.it\/website\/wp-json\/wp\/v2\/tags?post=16835"}],"curies":[{"name":"wp","href":"https:\/\/api.w.org\/{rel}","templated":true}]}}