{"id":168341,"date":"2023-09-08T07:00:24","date_gmt":"2023-09-08T05:00:24","guid":{"rendered":"http:\/\/www.messinaoggi.it\/website\/?p=168341"},"modified":"2023-09-07T22:14:04","modified_gmt":"2023-09-07T20:14:04","slug":"corsa-al-rettorato-spatari-scioglie-la-riserva-limosani-ora-potremo-confrontarci","status":"publish","type":"post","link":"https:\/\/www.messinaoggi.it\/website\/2023\/09\/08\/corsa-al-rettorato-spatari-scioglie-la-riserva-limosani-ora-potremo-confrontarci\/","title":{"rendered":"Corsa al Rettorato, Spatari scioglie la riserva. Limosani: &#8220;Ora potremo confrontarci&#8221;"},"content":{"rendered":"\n<p>Entra nel vivo la corsa all\u2019ermellino. Con una lettera inviata alla comunit\u00e0 accademica, la professoressa <strong>Giovanna Spatari<\/strong>, prorettrice e presidente nazionale della Societ\u00e0 Italiana dei Medici del Lavoro, ha annunciato ufficialmente la sua candidatura a prossimo rettore dell\u2019Universit\u00e0 di Messina. La candidatura ufficiale della professoressa Spatari, giunta dopo settimane di indiscrezioni a mezzo stampa, si aggiunge pertanto a quella del professor <strong><a href=\"https:\/\/michelelimosani.it\/\">Michele Limosani<\/a><\/strong>, che dal 2019 ricopre la carica di direttore del Dipartimento di Economia.<div id=\"div-gpt-ad-Messinaoggi.it-DSK-300x250-corpoart\" style=\"text-align:center;margin:0 auto;\"><\/div><\/p>\n\n\n\n<p>I professori Limosani e Spatari si contenderanno nei prossimi mesi il titolo di Magnifico Rettore per il sessennio successivo. Le elezioni si terranno con molta probabilit\u00e0 entro l\u2019autunno, salvo l\u2019eventuale proroga degli attuali rettori che potrebbe essere approvata dal Governo italiano. Intanto il prossimo 12 settembre il TAR dovr\u00e0 pronunciarsi sul ricorso presentato dal decano Letterio Bonina, relativo al diniego del suo decreto di indire le elezioni. Bonina infatti aveva fissato la data del primo turno elettorale al 29 settembre, ma il direttore generale Francesco Bonanno ha posto il suo veto, in quanto a detta sua le elezioni non potevano essere indette prima del 18 ottobre.<div id=\"videoincontent\" style=\"clear:both\";><\/div><\/p>\n\n\n\n<p><strong>La lettera di Spatari.<\/strong> \u201cCarissime e carissimi, a conclusione di un necessario periodo di riflessione e a seguito di momenti di confronto con tanti di Voi, ho deciso di proporre la mia candidatura a Rettrice del nostro Ateneo per il sessennio 2024-2030. &#8211; inizia cos\u00ec la lettera della professoressa Spatari &#8211; \u00c8 una scelta che ho ponderato con attenzione e assunto adesso con determinazione, ma anche con umilt\u00e0 ed entusiasmo, che, insieme all\u2019ascolto, \u00e8 il tratto caratterizzante del mio operare. Quasi quarant\u2019anni di appartenenza a questa Istituzione come studentessa prima, ricercatrice, docente, prorettrice poi, mi hanno aiutato a comprendere che l\u2019Universit\u00e0, come qualsiasi altra realt\u00e0 lavorativa, \u00e8, prima di tutto, una comunit\u00e0 di persone che merita di essere valorizzata, oltre che sul piano delle competenze, su quello dei rapporti umani e relazionali. I docenti, unitamente al personale tecnico-amministrativo e agli studenti, rappresentano il \u201ccuore pulsante\u201d di questa nostra peculiare \u201cfamiglia allargata\u201d che \u00e8 l\u2019Universit\u00e0 di Messina. Universit\u00e0, la nostra, che, per posizione geografica, si colloca al centro dell\u2019area euro-mediterranea, condizione questa che deve continuare a essere valorizzata in quanto attrattiva nazionale e internazionale e, comunque, importante risorsa per il territorio con i cui attori \u00e8 fondamentale confrontarsi per far s\u00ec che dalla disseminazione delle competenze nascano nuove e proficue opportunit\u00e0 di lavoro.<\/p>\n\n\n\n<p>\u201cDa professionista di settore ho ben chiaro che, per affrontare le grandi sfide che il mondo del lavoro ci pone dinnanzi, \u00e8 necessario, preliminarmente, adeguare, con lungimiranza, la nostra offerta didattica ai mutevoli e repentini cambiamenti del contesto socio-culturale e professionale nel quale siamo inseriti, aggiornando le nostre linee di ricerca sulle tematiche ambientali, tecnologiche, economiche e investendo risorse nella progettazione di nuovi percorsi di specializzazione e nel complessivo rafforzamento dei Corsi di Studio gi\u00e0 incardinati nei diversi Dipartimenti. Sar\u00e0 prioritario, per me, continuare a garantire processi di reclutamento trasparenti e affidabili e agevolare l\u2019inquadramento del personale gi\u00e0 in servizio nel ruolo corrispondente all\u2019abilitazione conseguita. Il tutto con l\u2019obiettivo di coniugare le aspettative di progressione di carriera con la valorizzazione dei giovani ricercatori e di promuovere, secondo la programmazione individuata dai singoli Dipartimenti, l\u2019ingresso di nuove risorse per colmare le lacune ancora esistenti in alcuni settori scientifico-disciplinari al fine di assicurare la piena sostenibilit\u00e0 dell\u2019offerta formativa e delle attivit\u00e0 di ricerca. Sfruttando le agevolazioni previste dai recenti interventi legislativi in materia, \u00e8 mia intenzione intensificare i rapporti con gli Atenei e i Centri di Ricerca esteri o sovranazionali, cos\u00ec da promuovere, attraverso un\u2019attivit\u00e0 di collaborazione, una pi\u00f9 ampia e diffusa condivisione dei saperi.<\/p>\n\n\n\n<p>\u201cCon specifico riferimento al personale tecnico amministrativo mi prefiggo di valorizzare in maniera adeguata la compagine che pi\u00f9 di altre contribuisce all\u2019efficienza e all\u2019efficacia dell\u2019azione amministrativa d\u2019Ateneo. Per essere proficuamente orientata verso le sfide del prossimo futuro, l\u2019Universit\u00e0 pubblica deve necessariamente ottimizzare costi e reperire nuove risorse, sia sfruttando i processi d\u2019innovazione tecnologica che quelli di semplificazione amministrativa. A tutte le studentesse e gli studenti vorrei offrire, insieme a percorsi di studio concretamente professionalizzanti, anche la possibilit\u00e0 di fruire di strutture adeguate a supporto delle diverse attivit\u00e0 accademiche, culturali e sportive. Il mio auspicio \u00e8 che ciascuno di essi, italiano o straniero, possa sentirsi orgoglioso di far parte di UniMe e di collaborare alla sua crescita e affermazione. Particolare attenzione dedicher\u00f2, e non potrebbe essere diversamente dato il mio personale percorso accademico e la lunga militanza all\u2019interno degli organismi di parit\u00e0, al miglioramento del benessere di tutta la comunit\u00e0 attraverso l\u2019identificazione di strumenti volti a irrobustire qualsiasi forma di tutela per quanti lavorano e studiano in UniMe e a favorire un clima sereno e improntato al rispetto reciproco.<\/p>\n\n\n\n<p>\u201cSar\u00e0 mia cura, inoltre, garantire percorsi di crescita individuali e collettivi che consentano a tutte le donne \u2013 colleghe e studentesse, madri e figlie \u2013 di realizzare i propri obiettivi al riparo da ogni forma di discriminazione diretta o indiretta. Consapevole del fatto che le Universit\u00e0 sono i luoghi dove si consolidano i saperi e si forma la futura classe dirigente e professionale, in questa prospettiva, vorrei adoperarmi affinch\u00e9 tutte le competenze e le capacit\u00e0 umane, scientifiche e professionali siano valorizzate tutelando il merito ed esaltando le competenze dei singoli e le sinergie di gruppo. Ritengo infatti che sia indispensabile imprimere al nostro lavoro un nuovo corso, strutturando \u2014 secondo una metodologia basata sull\u2019ascolto e il dialogo \u2014 momenti di confronto comuni sia nella fase di elaborazione del programma di mandato, che immagino di sottoporre a pubbliche verifiche periodiche, sia successivamente, in modo che possano emergere, con largo anticipo, eventuali problematiche cos\u00ec da approntare, volta per volta, la giusta strategia per risolverle. Sono convinta \u2013 la dimostrazione \u00e8 stata per me ampiamente tangibile durante la pandemia \u2014 che le donne e gli uomini di questo Ateneo saranno in grado di affrontare le diverse situazioni che si presenteranno in modo adeguato, concreto e generoso. Da parte mia garantisco massimo impegno per rimuovere gli ostacoli che si frapporranno alla realizzazione degli obiettivi, che tutti insieme ci proporremo, e delle aspettative di ciascuno. Confido, quindi, nel Vostro sostegno perch\u00e9 tutti insieme possiamo continuare a lavorare in una Universit\u00e0 che pone le \u201cpersone\u201d al centro delle sue politiche di crescita e di sviluppo\u201d.<\/p>\n\n\n\n<p><strong>Limosani: \u201cFinalmente potremo avviare un confronto\u201d.<\/strong> Intanto il professor Limosani ha accolto la candidatura ufficiale della professoressa Spatari con soddisfazione, in quanto ci\u00f2 dar\u00e0 il via ufficialmente a un confronto sulla visione programmatica che si ha dell&#8217;Universit\u00e0 di Messina per il prossimo sessennio: \u201cRegistro la candidatura della prof. Giovanna Spatari, collega che stimo. \u2013 dichiara il professor Limosani &#8211; Esprimo soddisfazione. Ci\u00f2 consentir\u00e0, finalmente, di avviare il confronto elettorale per il rinnovo della carica di Rettore di UniMe per il sessennio 2014-2020.<\/p>\n\n\n\n<p>\u201cSono certo che si tratter\u00e0 di una campagna all\u2019insegna, reciprocamente, del rispetto e della correttezza. Mi auguro che anche l\u2019input offerto dalla prof.ssa Spatari, pro-Rettrice dell\u2019attuale corso di governo, possa, inoltre, servire a sgomberare il campo da ogni equivoco. A mio avviso, infatti, il tratto saliente del confronto (con appendice in sede amministrativa giudiziaria) tra il Decano ed il Direttore Generale del nostro Ateneo, cos\u00ec come emerge dai punti di domanda che vengono sollevati, anche dai media locali, sia: <strong>si voter\u00e0? Certamente s\u00ec. Ma quando? Il dubbio sulla proroga \u00e8 fugato? Possiamo trascinarci questo interrogativo?<\/strong><\/p>\n\n\n\n<p>\u201cPersonalmente ritengo che, nell\u2019assoluto interesse della nostra Universit\u00e0, viste anche le scadenze legate alla programmazione triennale, si debbano cadenzare appuntamenti per definire il progetto e declinare la proposta, entro una cornice che garantisca certezze sui tempi che porteranno la comunit\u00e0 accademica al voto\u201d.<\/p>\n","protected":false},"excerpt":{"rendered":"<p>Entra nel vivo la corsa all\u2019ermellino. Con una lettera inviata alla comunit\u00e0 accademica, la professoressa Giovanna Spatari, prorettrice e presidente nazionale della Societ\u00e0 Italiana dei Medici del Lavoro, ha annunciato ufficialmente la sua candidatura a prossimo rettore dell\u2019Universit\u00e0 di Messina. La candidatura ufficiale della professoressa Spatari, giunta dopo settimane di indiscrezioni a mezzo stampa, si [&hellip;]<\/p>\n","protected":false},"author":8,"featured_media":168344,"comment_status":"open","ping_status":"open","sticky":false,"template":"","format":"standard","meta":{"ub_ctt_via":"","_mi_skip_tracking":false},"categories":[19],"tags":[8625,8626,5552,814],"featured_image_src":"https:\/\/www.messinaoggi.it\/website\/wp-content\/uploads\/2023\/09\/giovanna-spatari-michele-limosani.jpg","author_info":{"display_name":"red..me","author_link":"https:\/\/www.messinaoggi.it\/website\/author\/redstage\/"},"digistream_id":0,"digistream":false,"_links":{"self":[{"href":"https:\/\/www.messinaoggi.it\/website\/wp-json\/wp\/v2\/posts\/168341"}],"collection":[{"href":"https:\/\/www.messinaoggi.it\/website\/wp-json\/wp\/v2\/posts"}],"about":[{"href":"https:\/\/www.messinaoggi.it\/website\/wp-json\/wp\/v2\/types\/post"}],"author":[{"embeddable":true,"href":"https:\/\/www.messinaoggi.it\/website\/wp-json\/wp\/v2\/users\/8"}],"replies":[{"embeddable":true,"href":"https:\/\/www.messinaoggi.it\/website\/wp-json\/wp\/v2\/comments?post=168341"}],"version-history":[{"count":3,"href":"https:\/\/www.messinaoggi.it\/website\/wp-json\/wp\/v2\/posts\/168341\/revisions"}],"predecessor-version":[{"id":168348,"href":"https:\/\/www.messinaoggi.it\/website\/wp-json\/wp\/v2\/posts\/168341\/revisions\/168348"}],"wp:featuredmedia":[{"embeddable":true,"href":"https:\/\/www.messinaoggi.it\/website\/wp-json\/wp\/v2\/media\/168344"}],"wp:attachment":[{"href":"https:\/\/www.messinaoggi.it\/website\/wp-json\/wp\/v2\/media?parent=168341"}],"wp:term":[{"taxonomy":"category","embeddable":true,"href":"https:\/\/www.messinaoggi.it\/website\/wp-json\/wp\/v2\/categories?post=168341"},{"taxonomy":"post_tag","embeddable":true,"href":"https:\/\/www.messinaoggi.it\/website\/wp-json\/wp\/v2\/tags?post=168341"}],"curies":[{"name":"wp","href":"https:\/\/api.w.org\/{rel}","templated":true}]}}