{"id":168339,"date":"2023-09-08T09:00:00","date_gmt":"2023-09-08T07:00:00","guid":{"rendered":"http:\/\/www.messinaoggi.it\/website\/?p=168339"},"modified":"2023-09-07T21:43:42","modified_gmt":"2023-09-07T19:43:42","slug":"risanamento-geraci-m5s-no-palazzoni-si-rigenerazione-urbana","status":"publish","type":"post","link":"https:\/\/www.messinaoggi.it\/website\/2023\/09\/08\/risanamento-geraci-m5s-no-palazzoni-si-rigenerazione-urbana\/","title":{"rendered":"Risanamento, Geraci (M5S): &#8220;no palazzoni, si rigenerazione urbana&#8221;"},"content":{"rendered":"\n<p>Prosegue l&#8217;opera di Risanamento delle baraccopoli a Messina e <strong>Alessandro Geraci <\/strong>(M5S), Vicepresidente della III Municipalit\u00e0, sin dall&#8217;inizio molto attivo sulla tematica e da sempre oppostosi all&#8217;opzione della costruzione di palazzoni sul modello Scampia, chiede maggiori certezze sulle modalit\u00e0 che si vogliono portare avanti. <div id=\"div-gpt-ad-Messinaoggi.it-DSK-300x250-corpoart\" style=\"text-align:center;margin:0 auto;\"><\/div><\/p>\n\n\n\n<p>&#8220;Sul tema occorre fare chiarezza in citt\u00e0 e spiegare ai cittadini con quale linea si vuole proseguire, se da un lato il Subcommissario per il Risanamento Marcello Scurria dichiara<em> &#8216;mai pi\u00f9 ghetti sociali a Messina&#8217; <\/em>, dall\u2019altra l\u2019amministrazione Basile rilancia con il Pinqua (Programma innovativo nazionale per la qualit\u00e0 dell&#8217;abitare), che prevede la costruzione di nuove unit\u00e0 abitative con palazzine anche da 8 piani, proprio nelle zone di Bisconte , Fondo Fucile e Rione Taormina&#8221; esordisce Geraci in una nota. <div id=\"videoincontent\" style=\"clear:both\";><\/div><\/p>\n\n\n\n<figure class=\"wp-block-image size-large\"><img loading=\"lazy\" width=\"823\" height=\"1024\" src=\"http:\/\/www.messinaoggi.it\/website\/wp-content\/uploads\/2023\/06\/Alessandro-Geraci-2-823x1024.jpg\" alt=\"\" class=\"wp-image-159167\" srcset=\"https:\/\/www.messinaoggi.it\/website\/wp-content\/uploads\/2023\/06\/Alessandro-Geraci-2-823x1024.jpg 823w, https:\/\/www.messinaoggi.it\/website\/wp-content\/uploads\/2023\/06\/Alessandro-Geraci-2-241x300.jpg 241w, https:\/\/www.messinaoggi.it\/website\/wp-content\/uploads\/2023\/06\/Alessandro-Geraci-2-768x956.jpg 768w, https:\/\/www.messinaoggi.it\/website\/wp-content\/uploads\/2023\/06\/Alessandro-Geraci-2.jpg 1080w\" sizes=\"(max-width: 823px) 100vw, 823px\" \/><figcaption>Alessandro Geraci, Vicepresidente III Municipalit\u00e0 <\/figcaption><\/figure>\n\n\n\n<p>&#8220;Abbiamo gi\u00e0 avuto esempi fallimentari di appartamenti pollaio, proprio in questi villaggi, in cui la vivibilit\u00e0 \u00e8 ai minimi termini, con situazioni di disagio sociale arrivate all\u2019esasperazione&#8221; spiega. <\/p>\n\n\n\n<p>&#8220;Il Risanamento non \u00e8 un\u2019operazione solo edilizia, altrimenti le baracche passano da orizzontale a verticale dentro questi palazzoni, ma deve essere anche sociale, culturale ed economica. Gli ambiti di risanamento sono diversi tra loro, come diverse sono le situazioni familiari e per questo vanno gestiti modulando gli interventi in base al contesto abitativo e territoriale (Bisconte ad esempio va risolto diversamente da Fondo Fucile). Aggiungiamo l\u2019enorme mole di appartamenti inutilizzati in citt\u00e0, parliamo del 26,6% (fonte Sole24Ore), che attesta Messina tra le citt\u00e0 con dato pi\u00f9 alto d\u2019Italia, su questo andrebbe fatto un approfondimento sulla situazione degli alloggi di edilizia residenziale pubblica esistenti come quelli di propriet\u00e0 I.A.C.P. Tutto questo ci porta ovviamente ad un&#8217;altra riflessione in cui certamente la rigenerazione urbana, riqualificando il patrimonio immobiliare esistente , dovrebbe essere l\u2019obiettivo per un territorio fragile come il nostro schiacciato tra monti e mare in cui gli spazi di vivibilit\u00e0 ed aggregazioni sono pochissimi. La ristrutturazione dell\u2019Ex Hotel Riviera \u00e8 certamente un\u2019ottima notizia che va in questa direzione, cosi come gli alloggi acquistati nel tempo per il tramite di Arisme; a questi strumenti normativi aggiungo il Progetto Capacity, molto apprezzato in citt\u00e0 e vincitore del  premio<em> &#8216;Impatto&#8217; <\/em>al Salone dell\u2019innovazione sociale di Milano. Mi auguro dunque un confronto tra le parti e le municipalit\u00e0 che restano l\u2019istituzione pi\u00f9 vicina a questi territori, al fine di valutare l\u2019utilizzo di tutti gli strumenti normativi a disposizione&#8221; cos\u00ec analizza e conclude Geraci. <\/p>\n","protected":false},"excerpt":{"rendered":"<p>Prosegue l&#8217;opera di Risanamento delle baraccopoli a Messina e Alessandro Geraci (M5S), Vicepresidente della III Municipalit\u00e0, sin dall&#8217;inizio molto attivo sulla tematica e da sempre oppostosi all&#8217;opzione della costruzione di palazzoni sul modello Scampia, chiede maggiori certezze sulle modalit\u00e0 che si vogliono portare avanti. &#8220;Sul tema occorre fare chiarezza in citt\u00e0 e spiegare ai cittadini [&hellip;]<\/p>\n","protected":false},"author":15,"featured_media":37819,"comment_status":"open","ping_status":"open","sticky":false,"template":"","format":"standard","meta":{"ub_ctt_via":"","_mi_skip_tracking":false},"categories":[4],"tags":[1689,897,1552,1266,5828,6852,3375,642],"featured_image_src":"https:\/\/www.messinaoggi.it\/website\/wp-content\/uploads\/2019\/10\/baracca-1.jpg","author_info":{"display_name":"red.me","author_link":"https:\/\/www.messinaoggi.it\/website\/author\/red-me\/"},"digistream_id":0,"digistream":false,"_links":{"self":[{"href":"https:\/\/www.messinaoggi.it\/website\/wp-json\/wp\/v2\/posts\/168339"}],"collection":[{"href":"https:\/\/www.messinaoggi.it\/website\/wp-json\/wp\/v2\/posts"}],"about":[{"href":"https:\/\/www.messinaoggi.it\/website\/wp-json\/wp\/v2\/types\/post"}],"author":[{"embeddable":true,"href":"https:\/\/www.messinaoggi.it\/website\/wp-json\/wp\/v2\/users\/15"}],"replies":[{"embeddable":true,"href":"https:\/\/www.messinaoggi.it\/website\/wp-json\/wp\/v2\/comments?post=168339"}],"version-history":[{"count":1,"href":"https:\/\/www.messinaoggi.it\/website\/wp-json\/wp\/v2\/posts\/168339\/revisions"}],"predecessor-version":[{"id":168340,"href":"https:\/\/www.messinaoggi.it\/website\/wp-json\/wp\/v2\/posts\/168339\/revisions\/168340"}],"wp:featuredmedia":[{"embeddable":true,"href":"https:\/\/www.messinaoggi.it\/website\/wp-json\/wp\/v2\/media\/37819"}],"wp:attachment":[{"href":"https:\/\/www.messinaoggi.it\/website\/wp-json\/wp\/v2\/media?parent=168339"}],"wp:term":[{"taxonomy":"category","embeddable":true,"href":"https:\/\/www.messinaoggi.it\/website\/wp-json\/wp\/v2\/categories?post=168339"},{"taxonomy":"post_tag","embeddable":true,"href":"https:\/\/www.messinaoggi.it\/website\/wp-json\/wp\/v2\/tags?post=168339"}],"curies":[{"name":"wp","href":"https:\/\/api.w.org\/{rel}","templated":true}]}}