{"id":16831,"date":"2018-03-14T09:46:50","date_gmt":"2018-03-14T08:46:50","guid":{"rendered":"http:\/\/www.messinaoggi.it\/website\/?p=16831"},"modified":"2018-03-14T09:46:50","modified_gmt":"2018-03-14T08:46:50","slug":"verso-le-amministrative-per-il-centrodestra-e-la-settimana-della-verita-si-sitringe-per-bramanti","status":"publish","type":"post","link":"https:\/\/www.messinaoggi.it\/website\/2018\/03\/14\/verso-le-amministrative-per-il-centrodestra-e-la-settimana-della-verita-si-sitringe-per-bramanti\/","title":{"rendered":"Verso le amministrative, il Centrodestra converge su Bramanti"},"content":{"rendered":"<p style=\"text-align: justify;\">Sar\u00e0 il fine settimana delle scelte in casa centrodestra, dove si dovr\u00e0 guardare all\u2019immediato futuro, a quelle elezioni amministrative che rappresentano un vero e proprio banco di prova per l\u2019intera coalizione. Venerd\u00ec potrebbe essere il giorno di Dino Bramanti, pronto a dire s\u00ec a quella proposta fatta proprio a ridosso del voto del 4 marzo. Il direttore dell\u2019Irccs-Centro Neurolesi sar\u00e0 dunque il candidato alla poltrona di primo cittadino, a lui il compito di ricondurre il centrodestra alla guida della citt\u00e0 dopo l\u2019esperienza targata Renato Accorinti.<div id=\"div-gpt-ad-Messinaoggi.it-DSK-300x250-corpoart\" style=\"text-align:center;margin:0 auto;\"><\/div><\/p>\n<p style=\"text-align: justify;\">Tra oggi e domani ci dovrebbe essere l\u2019incontro decisivo con il presidente della Regione, Nello Musumeci, che vede in Bramanti quel nome in grado di fornire alla coalizione un volto tecnico e competente sotto il profilo amministrativo. Venerd\u00ec \u00e8 prevista l\u2019ultima riunione con gli alleati, l\u00ec saranno stabilite strategie, mosse future e si inizieranno a mettere sul piatto anche i primi nomi per eventuali assessori.<div id=\"videoincontent\" style=\"clear:both\";><\/div><\/p>\n<p style=\"text-align: justify;\">L\u2019intento \u00e8 quello di creare un gruppo forte per tentare l\u2019exploit gi\u00e0 al primo turno, ma per questo serve ritrovare quella coesione che sembra essersi smarrita. In questo senso, Bramanti sembra il nome perfetto, la figura ideale per compattare tutte (o quasi) le anime del centrodestra.<\/p>\n<p style=\"text-align: justify;\">Il primo personaggio che viene in mente \u00e8 proprio quell\u2019Emilia Barrile, fresca di divorzio con l\u2019area Genovese. La presidente del Consiglio Comunale non ha rotto con il partito, ma ha chiesto maggior spazio e considerazione per le donne per quelle donne che hanno dimostrato di avere capacit\u00e0 e competenze amministrative. In questo senso, un\u2019eventuale candidatura di Bramanti potrebbe risultare decisiva in senso positivo, affinch\u00e8 questa crisi possa rientrare. Pi\u00f9 difficile il fronte che riguarda Giuseppe Trischitta, che sabato al Palacultura presenter\u00e0 il proprio programma da candidato sindaco.<\/p>\n<p style=\"text-align: justify;\">Il capogruppo di Forza Italia non ha risparmiato feroci critiche verso l\u2019ipotesi Bramanti, non ritenuto idoneo a guidare la riscossa del centrodestra verso Palazzo Zanca. Ma lo scontro pi\u00f9 feroce \u00e8 quello che Trischitta ha intrapreso con le aree Genovese e German\u00e0, toni alti che non possono lasciar presagire a nessuna pace. Almeno nell&#8217;immediato.<\/p>\n","protected":false},"excerpt":{"rendered":"<p>Sar\u00e0 il fine settimana delle scelte in casa centrodestra, dove si dovr\u00e0 guardare all\u2019immediato futuro, a quelle elezioni amministrative che rappresentano un vero e proprio banco di prova per l\u2019intera coalizione. Venerd\u00ec potrebbe essere il giorno di Dino Bramanti, pronto a dire s\u00ec a quella proposta fatta proprio a ridosso del voto del 4 marzo. [&hellip;]<\/p>\n","protected":false},"author":14,"featured_media":1870,"comment_status":"closed","ping_status":"open","sticky":false,"template":"","format":"standard","meta":{"ub_ctt_via":"","_mi_skip_tracking":false},"categories":[4],"tags":[],"featured_image_src":"https:\/\/www.messinaoggi.it\/website\/wp-content\/uploads\/2017\/06\/Bramanti-Dino-2.jpg","author_info":{"display_name":"Antonio Macauda","author_link":"https:\/\/www.messinaoggi.it\/website\/author\/a-macauda\/"},"digistream_id":0,"digistream":false,"_links":{"self":[{"href":"https:\/\/www.messinaoggi.it\/website\/wp-json\/wp\/v2\/posts\/16831"}],"collection":[{"href":"https:\/\/www.messinaoggi.it\/website\/wp-json\/wp\/v2\/posts"}],"about":[{"href":"https:\/\/www.messinaoggi.it\/website\/wp-json\/wp\/v2\/types\/post"}],"author":[{"embeddable":true,"href":"https:\/\/www.messinaoggi.it\/website\/wp-json\/wp\/v2\/users\/14"}],"replies":[{"embeddable":true,"href":"https:\/\/www.messinaoggi.it\/website\/wp-json\/wp\/v2\/comments?post=16831"}],"version-history":[{"count":0,"href":"https:\/\/www.messinaoggi.it\/website\/wp-json\/wp\/v2\/posts\/16831\/revisions"}],"wp:featuredmedia":[{"embeddable":true,"href":"https:\/\/www.messinaoggi.it\/website\/wp-json\/wp\/v2\/media\/1870"}],"wp:attachment":[{"href":"https:\/\/www.messinaoggi.it\/website\/wp-json\/wp\/v2\/media?parent=16831"}],"wp:term":[{"taxonomy":"category","embeddable":true,"href":"https:\/\/www.messinaoggi.it\/website\/wp-json\/wp\/v2\/categories?post=16831"},{"taxonomy":"post_tag","embeddable":true,"href":"https:\/\/www.messinaoggi.it\/website\/wp-json\/wp\/v2\/tags?post=16831"}],"curies":[{"name":"wp","href":"https:\/\/api.w.org\/{rel}","templated":true}]}}