{"id":168286,"date":"2023-09-07T13:20:31","date_gmt":"2023-09-07T11:20:31","guid":{"rendered":"http:\/\/www.messinaoggi.it\/website\/?p=168286"},"modified":"2023-09-07T13:20:32","modified_gmt":"2023-09-07T11:20:32","slug":"vara-2023-lamministrazione-fa-il-punto-per-il-2024","status":"publish","type":"post","link":"https:\/\/www.messinaoggi.it\/website\/2023\/09\/07\/vara-2023-lamministrazione-fa-il-punto-per-il-2024\/","title":{"rendered":"Vara 2023, l&#8217;amministrazione fa il punto per il 2024"},"content":{"rendered":"\n<p>Con la \u201c<em>machina votiva\u201d<\/em>\u00a0ferma, dopo venti giorni dalla conclusione dell\u2019edizione \u201cVara 2023\u201d, l\u2019Amministrazione Comunale su input del sindaco <strong>Federico Basile<\/strong>, ha convocato il primo dei debriefing previsti volti ad analizzare le situazioni organizzative e logistiche per meglio verificare le criticit\u00e0 e le possibili soluzioni per il prossimo anno.<div id=\"div-gpt-ad-Messinaoggi.it-DSK-300x250-corpoart\" style=\"text-align:center;margin:0 auto;\"><\/div><\/p>\n\n\n\n<p>All\u2019incontro, presieduto dall\u2019assessore alla Protezione civile <strong>Massimiliano Minutoli, <\/strong>che in apertura ha portato i saluti ed i ringraziamenti per l\u2019impegno profuso da tutti da parte del sindaco Basile, hanno partecipato il Comandante della Polizia Municipale; il responsabile del servizio protezione civile ed il funzionario responsabile del volontariato; i referenti, delle associazioni di volontariato di protezione civile e quelli del neo costituito Gruppo comunale di volontariato di protezione civile; il rappresentante della centrale operativa Seus 118; l\u2019esperto comunale per le attivit\u00e0 di protezione civile; il referente per Amam; ed i rappresentanti del Gruppo Storico Vara.<div id=\"videoincontent\" style=\"clear:both\";><\/div><\/p>\n\n\n\n<p><em>\u201cE\u2019 stato un incontro proficuo che ha permesso di verificare le criticit\u00e0 riscontrate a livello logistico e sotto l\u2019aspetto della sicurezza e per raccogliere le testimonianze da parte dei presenti. Sono certo che quanto discusso in data odierna sar\u00e0 custodito come un tesoro prezioso per il futuro e dar\u00e0 la possibilit\u00e0 di potere meglio organizzare per tempo le attivit\u00e0 per il prossimo anno cos\u00ec come concordato con il Sindaco\u201d<\/em>, ha dichiarato l\u2019assessore Minutoli.<\/p>\n","protected":false},"excerpt":{"rendered":"<p>Con la \u201cmachina votiva\u201d\u00a0ferma, dopo venti giorni dalla conclusione dell\u2019edizione \u201cVara 2023\u201d, l\u2019Amministrazione Comunale su input del sindaco Federico Basile, ha convocato il primo dei debriefing previsti volti ad analizzare le situazioni organizzative e logistiche per meglio verificare le criticit\u00e0 e le possibili soluzioni per il prossimo anno. All\u2019incontro, presieduto dall\u2019assessore alla Protezione civile Massimiliano [&hellip;]<\/p>\n","protected":false},"author":15,"featured_media":119995,"comment_status":"open","ping_status":"open","sticky":false,"template":"","format":"standard","meta":{"ub_ctt_via":"","_mi_skip_tracking":false},"categories":[5],"tags":[2972,8508,8624],"featured_image_src":"https:\/\/www.messinaoggi.it\/website\/wp-content\/uploads\/2022\/09\/Vara-piazza-Duomo.jpeg","author_info":{"display_name":"red.me","author_link":"https:\/\/www.messinaoggi.it\/website\/author\/red-me\/"},"digistream_id":0,"digistream":false,"_links":{"self":[{"href":"https:\/\/www.messinaoggi.it\/website\/wp-json\/wp\/v2\/posts\/168286"}],"collection":[{"href":"https:\/\/www.messinaoggi.it\/website\/wp-json\/wp\/v2\/posts"}],"about":[{"href":"https:\/\/www.messinaoggi.it\/website\/wp-json\/wp\/v2\/types\/post"}],"author":[{"embeddable":true,"href":"https:\/\/www.messinaoggi.it\/website\/wp-json\/wp\/v2\/users\/15"}],"replies":[{"embeddable":true,"href":"https:\/\/www.messinaoggi.it\/website\/wp-json\/wp\/v2\/comments?post=168286"}],"version-history":[{"count":1,"href":"https:\/\/www.messinaoggi.it\/website\/wp-json\/wp\/v2\/posts\/168286\/revisions"}],"predecessor-version":[{"id":168287,"href":"https:\/\/www.messinaoggi.it\/website\/wp-json\/wp\/v2\/posts\/168286\/revisions\/168287"}],"wp:featuredmedia":[{"embeddable":true,"href":"https:\/\/www.messinaoggi.it\/website\/wp-json\/wp\/v2\/media\/119995"}],"wp:attachment":[{"href":"https:\/\/www.messinaoggi.it\/website\/wp-json\/wp\/v2\/media?parent=168286"}],"wp:term":[{"taxonomy":"category","embeddable":true,"href":"https:\/\/www.messinaoggi.it\/website\/wp-json\/wp\/v2\/categories?post=168286"},{"taxonomy":"post_tag","embeddable":true,"href":"https:\/\/www.messinaoggi.it\/website\/wp-json\/wp\/v2\/tags?post=168286"}],"curies":[{"name":"wp","href":"https:\/\/api.w.org\/{rel}","templated":true}]}}