{"id":168229,"date":"2023-09-06T18:08:07","date_gmt":"2023-09-06T16:08:07","guid":{"rendered":"https:\/\/www.messinaoggi.it\/website\/2023\/09\/06\/urso-eviteremo-il-blocco-per-le-auto-euro-5-in-piemonte\/"},"modified":"2023-09-06T18:08:07","modified_gmt":"2023-09-06T16:08:07","slug":"urso-eviteremo-il-blocco-per-le-auto-euro-5-in-piemonte","status":"publish","type":"post","link":"https:\/\/www.messinaoggi.it\/website\/2023\/09\/06\/urso-eviteremo-il-blocco-per-le-auto-euro-5-in-piemonte\/","title":{"rendered":"Urso \u201cEviteremo il blocco per le auto Euro 5 in Piemonte\u201d"},"content":{"rendered":"<div>ROMA (ITALPRESS) &#8211; &#8220;Posso annunciare che sulla base di un confronto gi\u00e0 in atto, \u00e8 verosimile che gi\u00e0 nella prossima settimana si possa evitare il blocco dei citati veicoli. Resta fermo l&#8217;impegno del Governo e dell&#8217;Italia per la tutela dell&#8217;ambiente nel solco degli accordi con l&#8217;Europa all&#8217;interno di una strategia organica di misure in parte gi\u00e0 attuati che hanno permesso di conseguire risultati significativi nella tutela della qualit\u00e0 dell&#8217;aria&#8221;. Cos\u00ec il ministro delle Imprese e del Made in Italy, Adolfo Urso, intervenendo al question time alla Camera sullo stop ai veicoli diesel Euro 5 in Piemonte dal prossimo 15 settembre. Quanto al settore automotive, Urso ha sottolineato poi che &#8220;il piano di lavoro con Stellantis sta per essere definito e sulla base di questo nascer\u00e0 un tavolo che si sarebbe dovuto fare negli anni passati. Nascer\u00e0 un piano Stellantis che impegner\u00e0 la multinazionale a rivedere il piano internazionale in atto per garantire la produzione nel nostro Paese e quindi l&#8217;occupazione&#8221;.<br \/>(ITALPRESS).<br \/>&#8211; Foto: Agenzia Fotogramma &#8211;<\/div>\n<div id=\"div-gpt-ad-Messinaoggi.it-DSK-300x250-corpoart\" style=\"text-align:center;margin:0 auto;\"><\/div><\/p><div id=\"videoincontent\" style=\"clear:both\";><\/div>","protected":false},"excerpt":{"rendered":"<p>ROMA (ITALPRESS) &#8211; &#8220;Posso annunciare che sulla base di un confronto gi\u00e0 in atto, \u00e8 verosimile che gi\u00e0 nella prossima settimana si possa evitare il blocco dei citati veicoli. Resta fermo l&#8217;impegno del Governo e dell&#8217;Italia per la tutela dell&#8217;ambiente nel solco degli accordi con l&#8217;Europa all&#8217;interno di una strategia organica di misure in parte [&hellip;]<\/p>\n","protected":false},"author":18,"featured_media":168230,"comment_status":"closed","ping_status":"closed","sticky":false,"template":"","format":"standard","meta":{"ub_ctt_via":"","_mi_skip_tracking":false},"categories":[446],"tags":[783],"featured_image_src":"https:\/\/www.messinaoggi.it\/website\/wp-content\/uploads\/2023\/09\/20230906_1732.jpg","author_info":{"display_name":"Admin","author_link":"https:\/\/www.messinaoggi.it\/website\/author\/admin\/"},"digistream_id":0,"digistream":false,"_links":{"self":[{"href":"https:\/\/www.messinaoggi.it\/website\/wp-json\/wp\/v2\/posts\/168229"}],"collection":[{"href":"https:\/\/www.messinaoggi.it\/website\/wp-json\/wp\/v2\/posts"}],"about":[{"href":"https:\/\/www.messinaoggi.it\/website\/wp-json\/wp\/v2\/types\/post"}],"author":[{"embeddable":true,"href":"https:\/\/www.messinaoggi.it\/website\/wp-json\/wp\/v2\/users\/18"}],"replies":[{"embeddable":true,"href":"https:\/\/www.messinaoggi.it\/website\/wp-json\/wp\/v2\/comments?post=168229"}],"version-history":[{"count":0,"href":"https:\/\/www.messinaoggi.it\/website\/wp-json\/wp\/v2\/posts\/168229\/revisions"}],"wp:featuredmedia":[{"embeddable":true,"href":"https:\/\/www.messinaoggi.it\/website\/wp-json\/wp\/v2\/media\/168230"}],"wp:attachment":[{"href":"https:\/\/www.messinaoggi.it\/website\/wp-json\/wp\/v2\/media?parent=168229"}],"wp:term":[{"taxonomy":"category","embeddable":true,"href":"https:\/\/www.messinaoggi.it\/website\/wp-json\/wp\/v2\/categories?post=168229"},{"taxonomy":"post_tag","embeddable":true,"href":"https:\/\/www.messinaoggi.it\/website\/wp-json\/wp\/v2\/tags?post=168229"}],"curies":[{"name":"wp","href":"https:\/\/api.w.org\/{rel}","templated":true}]}}