{"id":168195,"date":"2023-09-06T17:08:02","date_gmt":"2023-09-06T15:08:02","guid":{"rendered":"https:\/\/www.messinaoggi.it\/website\/2023\/09\/06\/pnrr-ciriani-pagamento-della-terza-rata-a-inizio-ottobre\/"},"modified":"2023-09-06T17:08:02","modified_gmt":"2023-09-06T15:08:02","slug":"pnrr-ciriani-pagamento-della-terza-rata-a-inizio-ottobre","status":"publish","type":"post","link":"https:\/\/www.messinaoggi.it\/website\/2023\/09\/06\/pnrr-ciriani-pagamento-della-terza-rata-a-inizio-ottobre\/","title":{"rendered":"Pnrr, Ciriani \u201cPagamento della terza rata a inizio ottobre\u201d"},"content":{"rendered":"<div>ROMA (ITALPRESS) &#8211; &#8220;Dopo aver affrontato e superato in accordo con la Commissione Europea le criticit\u00e0 relative alle misure &#8216;piani urbani integrat\u00ec, la Commissione ha approvato la valutazione positiva preliminare concernente il conseguimento degli obiettivi della terza rata. L&#8217;11 settembre prossimo si terr\u00e0 la riunione del Comitato Economico e finanziario. Questi incontri consentiranno all&#8217;Italia di ottenere il pagamento della terza rata di 18,5 milioni di euro all&#8217;inizio del mese di ottobre&#8221;. Lo ha detto il ministro per i Rapporti con il Parlamento Luca Ciriani durante il question time alla Camera in rappresentanza del ministro per gli Affari europei e il Pnrr Raffaele Fitto.<br \/>&#8220;Per quanto riguarda la quarta rata, il governo si \u00e8 adoperato per individuare per tempo i problemi, modificando dei 10 dei 27 obiettivi il cui conseguimento poteva essere compromesso da circostanze oggettive &#8211; ha spiegato il ministro &#8211; Il 28 luglio scorso la Commissione Europea ha approvato le proposte di revisione relative alla quarta rata e ha presentato la relative proposta al Consiglio UE che si pronuncer\u00e0 il prossimo 19 settembre. In tal modo sar\u00e0 possibile presentare gi\u00e0 a partire dal 20 settembre la richiesta di pagamento della quarta rata di 16,5 milioni di euro consentendo la sua erogazione entro la fine del 2023&#8221;.<div id=\"div-gpt-ad-Messinaoggi.it-DSK-300x250-corpoart\" style=\"text-align:center;margin:0 auto;\"><\/div><\/p>\n<p>&#8211; foto: Agenzia Fotogramma &#8211;<br \/>(ITALPRESS).<\/div>\n<div id=\"videoincontent\" style=\"clear:both\";><\/div>","protected":false},"excerpt":{"rendered":"<p>ROMA (ITALPRESS) &#8211; &#8220;Dopo aver affrontato e superato in accordo con la Commissione Europea le criticit\u00e0 relative alle misure &#8216;piani urbani integrat\u00ec, la Commissione ha approvato la valutazione positiva preliminare concernente il conseguimento degli obiettivi della terza rata. L&#8217;11 settembre prossimo si terr\u00e0 la riunione del Comitato Economico e finanziario. Questi incontri consentiranno all&#8217;Italia di [&hellip;]<\/p>\n","protected":false},"author":18,"featured_media":168196,"comment_status":"closed","ping_status":"closed","sticky":false,"template":"","format":"standard","meta":{"ub_ctt_via":"","_mi_skip_tracking":false},"categories":[446],"tags":[783],"featured_image_src":"https:\/\/www.messinaoggi.it\/website\/wp-content\/uploads\/2023\/09\/20230906_1606.jpg","author_info":{"display_name":"Admin","author_link":"https:\/\/www.messinaoggi.it\/website\/author\/admin\/"},"digistream_id":0,"digistream":false,"_links":{"self":[{"href":"https:\/\/www.messinaoggi.it\/website\/wp-json\/wp\/v2\/posts\/168195"}],"collection":[{"href":"https:\/\/www.messinaoggi.it\/website\/wp-json\/wp\/v2\/posts"}],"about":[{"href":"https:\/\/www.messinaoggi.it\/website\/wp-json\/wp\/v2\/types\/post"}],"author":[{"embeddable":true,"href":"https:\/\/www.messinaoggi.it\/website\/wp-json\/wp\/v2\/users\/18"}],"replies":[{"embeddable":true,"href":"https:\/\/www.messinaoggi.it\/website\/wp-json\/wp\/v2\/comments?post=168195"}],"version-history":[{"count":0,"href":"https:\/\/www.messinaoggi.it\/website\/wp-json\/wp\/v2\/posts\/168195\/revisions"}],"wp:featuredmedia":[{"embeddable":true,"href":"https:\/\/www.messinaoggi.it\/website\/wp-json\/wp\/v2\/media\/168196"}],"wp:attachment":[{"href":"https:\/\/www.messinaoggi.it\/website\/wp-json\/wp\/v2\/media?parent=168195"}],"wp:term":[{"taxonomy":"category","embeddable":true,"href":"https:\/\/www.messinaoggi.it\/website\/wp-json\/wp\/v2\/categories?post=168195"},{"taxonomy":"post_tag","embeddable":true,"href":"https:\/\/www.messinaoggi.it\/website\/wp-json\/wp\/v2\/tags?post=168195"}],"curies":[{"name":"wp","href":"https:\/\/api.w.org\/{rel}","templated":true}]}}