{"id":168171,"date":"2023-09-06T13:08:05","date_gmt":"2023-09-06T11:08:05","guid":{"rendered":"https:\/\/www.messinaoggi.it\/website\/2023\/09\/06\/donnarumma-con-spalletti-faremo-un-grande-percorso\/"},"modified":"2023-09-06T13:08:05","modified_gmt":"2023-09-06T11:08:05","slug":"donnarumma-con-spalletti-faremo-un-grande-percorso","status":"publish","type":"post","link":"https:\/\/www.messinaoggi.it\/website\/2023\/09\/06\/donnarumma-con-spalletti-faremo-un-grande-percorso\/","title":{"rendered":"Donnarumma \u201cCon Spalletti faremo un grande percorso\u201d"},"content":{"rendered":"<div>FIRENZE (ITALPRESS) &#8211; Il passato non si pu\u00f2 cancellare, meglio concentrarsi sul presente e sul futuro. Sabato l&#8217;Italia torna ad affrontare nelle qualificazioni europee quella Macedonia del Nord che nel marzo 2022 stopp\u00f2 la corsa degli azzurri verso i Mondiali in Qatar. &#8220;Ma non c&#8217;\u00e8 rivalsa &#8211; assicura Gigio Donnarumma nel corso di &#8216;Azzurri Liv\u00e8 sui canali social della Figc &#8211; Dobbiamo guardare prima di tutto a noi stessi e sicuramente sar\u00e0 una partita importante. Sappiamo tutti che non siamo andati al Mondiale per quella partita &#8211; il riferimento alla sconfitta del Barbera &#8211; quindi siamo tutti un p\u00f2 arrabbiati e abbiamo voglia di far bene e di vincere questa gara. Ma non sar\u00e0 facile, c&#8217;ero anche io quando abbiamo vinto 3-2 in Macedonia (nel 2016, ndr). E&#8217; un campo complicato quindi ci sar\u00e0 da prepararla bene, c&#8217;\u00e8 da stare attenti per\u00f2 con la convinzione che possiamo fare grandi cose&#8221;. L&#8217;Italia, intanto, ha voltato pagina in panchina: se n&#8217;\u00e8 andato Roberto Mancini, al suo posto \u00e8 arrivato Luciano Spalletti, l&#8217;artefice dello scudetto del Napoli nella scorsa stagione. &#8220;Non conoscevo mister Spalletti per\u00f2 sappiamo tutti cosa ha fatto in questi anni e l&#8217;anno scorso con il Napoli quindi ero super ottimista &#8211; prosegue Donnarumma &#8211; Poi l&#8217;ho conosciuto qui e sicuramente faremo un grande percorso. Ne abbiamo iniziato uno nuovo, siamo contenti, siamo ottimisti e sicuramente faremo grandi cose &#8211; aggiunge &#8211; Ora abbiamo due gare importanti che non possiamo sbagliare e sicuramente andremo in Macedonia a fare la nostra partita per cercare di vincere come faremo a Milano contro l&#8217;Ucraina&#8221;. Donnarumma ha ricordato anche il suo esordio in azzurro, contro l&#8217;Olanda nel 2017. &#8220;Come faccio a dimenticarlo? Ero pronto perch\u00e8 sapevo che a fine primo tempo il mister mi avrebbe fatto debuttare, quindi ero emozionato. L&#8217;esordio con la Nazionale \u00e8 un&#8217;emozione differente da quella che con il club, ero contentissimo, e ancora lo tengo in mente, ho un tatuaggio che me lo ricorda&#8221;. Infine una battuta su Buffon, tornato in Nazionale come nuovo capo delegazione azzurro: &#8220;E&#8217; sempre la stessa persona, \u00e8 qui con grande entusiasmo, aiuta tutti, gi\u00e0 la sola presenza ti d\u00e0 una forza che \u00e8 differente. Siamo molto contenti di averlo con noi&#8221;.<br \/>&#8211; foto LivePhotoSport &#8211; <br \/>(ITALPRESS).<\/div>\n<div id=\"div-gpt-ad-Messinaoggi.it-DSK-300x250-corpoart\" style=\"text-align:center;margin:0 auto;\"><\/div><\/p><div id=\"videoincontent\" style=\"clear:both\";><\/div>","protected":false},"excerpt":{"rendered":"<p>FIRENZE (ITALPRESS) &#8211; Il passato non si pu\u00f2 cancellare, meglio concentrarsi sul presente e sul futuro. Sabato l&#8217;Italia torna ad affrontare nelle qualificazioni europee quella Macedonia del Nord che nel marzo 2022 stopp\u00f2 la corsa degli azzurri verso i Mondiali in Qatar. &#8220;Ma non c&#8217;\u00e8 rivalsa &#8211; assicura Gigio Donnarumma nel corso di &#8216;Azzurri Liv\u00e8 [&hellip;]<\/p>\n","protected":false},"author":18,"featured_media":168172,"comment_status":"closed","ping_status":"closed","sticky":false,"template":"","format":"standard","meta":{"ub_ctt_via":"","_mi_skip_tracking":false},"categories":[446],"tags":[783],"featured_image_src":"https:\/\/www.messinaoggi.it\/website\/wp-content\/uploads\/2023\/09\/20230906_0280.jpg","author_info":{"display_name":"Admin","author_link":"https:\/\/www.messinaoggi.it\/website\/author\/admin\/"},"digistream_id":0,"digistream":false,"_links":{"self":[{"href":"https:\/\/www.messinaoggi.it\/website\/wp-json\/wp\/v2\/posts\/168171"}],"collection":[{"href":"https:\/\/www.messinaoggi.it\/website\/wp-json\/wp\/v2\/posts"}],"about":[{"href":"https:\/\/www.messinaoggi.it\/website\/wp-json\/wp\/v2\/types\/post"}],"author":[{"embeddable":true,"href":"https:\/\/www.messinaoggi.it\/website\/wp-json\/wp\/v2\/users\/18"}],"replies":[{"embeddable":true,"href":"https:\/\/www.messinaoggi.it\/website\/wp-json\/wp\/v2\/comments?post=168171"}],"version-history":[{"count":0,"href":"https:\/\/www.messinaoggi.it\/website\/wp-json\/wp\/v2\/posts\/168171\/revisions"}],"wp:featuredmedia":[{"embeddable":true,"href":"https:\/\/www.messinaoggi.it\/website\/wp-json\/wp\/v2\/media\/168172"}],"wp:attachment":[{"href":"https:\/\/www.messinaoggi.it\/website\/wp-json\/wp\/v2\/media?parent=168171"}],"wp:term":[{"taxonomy":"category","embeddable":true,"href":"https:\/\/www.messinaoggi.it\/website\/wp-json\/wp\/v2\/categories?post=168171"},{"taxonomy":"post_tag","embeddable":true,"href":"https:\/\/www.messinaoggi.it\/website\/wp-json\/wp\/v2\/tags?post=168171"}],"curies":[{"name":"wp","href":"https:\/\/api.w.org\/{rel}","templated":true}]}}