{"id":168168,"date":"2023-09-06T13:26:55","date_gmt":"2023-09-06T11:26:55","guid":{"rendered":"http:\/\/www.messinaoggi.it\/website\/?p=168168"},"modified":"2023-09-06T13:30:45","modified_gmt":"2023-09-06T11:30:45","slug":"gadget-a-tema-mafia-caronte-caccia-lesercente","status":"publish","type":"post","link":"https:\/\/www.messinaoggi.it\/website\/2023\/09\/06\/gadget-a-tema-mafia-caronte-caccia-lesercente\/","title":{"rendered":"Gadget a tema mafia, Caronte &#8220;caccia&#8221; l&#8217;esercente"},"content":{"rendered":"\n<p>Dopo la denuncia del cantante <strong>Mario Incudine <\/strong>e la presa di posizione del deputato di Sicilia Vera <strong>Ismaele La Vardera<\/strong> e dell&#8217;Assessore regionale alle infrastrutture e alla mobilit\u00e0 <strong>Alessandro Aric\u00f2,<\/strong> a seguito della vendita di gadget che riconducono al fenomeno mafioso su navi dell&#8217;azienda Caronte &amp; Tourist, interviene anche la societ\u00e0:<div id=\"div-gpt-ad-Messinaoggi.it-DSK-300x250-corpoart\" style=\"text-align:center;margin:0 auto;\"><\/div><\/p>\n\n\n\n<p>\u201cDa siciliani, da cittadini, da imprenditori che hanno scelto di restare e di investire in Sicilia non potevamo non condividere il senso della vibrante, generosa denuncia di Mario Incudine. \u00c8 per questo che poche ore dopo il video postato da Incudine abbiamo intimato all\u2019esercente che aveva in affitto uno dei negozi a bordo di una nostra nave di ritirare quei souvenir paccottiglia, per nulla divertenti ma in compenso di pessimo gusto, che purtroppo infestano troppi centri storici e troppe isole pedonali ovunque in Sicilia\u201d.<div id=\"videoincontent\" style=\"clear:both\";><\/div><\/p>\n\n\n\n<p>Con queste parole anche <strong>Caronte &amp; Tourist <\/strong>prende posizione sulla vicenda che l\u2019ha vista in questi giorni coinvolta, ribadendo la propria scelta di campo per la trasparenza e la legalit\u00e0.<\/p>\n\n\n\n<p>\u201cSiamo perfettamente d\u2019accordo &#8211; dice C&amp;T &#8211; sul fatto che questi souvenir finiscono per veicolare un messaggio distorto, inaccettabile, perch\u00e9 la mafia \u00e8 il male assoluto e non pu\u00f2 diventare un fenomeno folcloristico, inoffensivo, divertente, addirittura attrattivo per turisti o crocieristi&#8221;.<\/p>\n\n\n\n<p>\u201cPer questo &#8211; aggiunge C&amp;T &#8211; consapevoli della seriet\u00e0 dell\u2019incidente nel quale siamo incolpevolmente incappati, abbiamo deciso di non lasciare spazio a equivoci di sorta, risolvendo anticipatamente il contratto con un esercente che in questo caso ha messo in commercio prodotti non in linea con i valori e la policy di C&amp;T, che considera la trasparenza e la legalit\u00e0 elementi distintivi della propria presenza nel territorio\u201d.<\/p>\n\n\n\n<p><\/p>\n\n\n\n<p><\/p>\n\n\n\n<p><\/p>\n\n\n\n<p><\/p>\n","protected":false},"excerpt":{"rendered":"<p>Dopo la denuncia del cantante Mario Incudine e la presa di posizione del deputato di Sicilia Vera Ismaele La Vardera e dell&#8217;Assessore regionale alle infrastrutture e alla mobilit\u00e0 Alessandro Aric\u00f2, a seguito della vendita di gadget che riconducono al fenomeno mafioso su navi dell&#8217;azienda Caronte &amp; Tourist, interviene anche la societ\u00e0: \u201cDa siciliani, da cittadini, [&hellip;]<\/p>\n","protected":false},"author":15,"featured_media":141056,"comment_status":"open","ping_status":"open","sticky":false,"template":"","format":"standard","meta":{"ub_ctt_via":"","_mi_skip_tracking":false},"categories":[1],"tags":[7896,146,8615,4307,5859],"featured_image_src":"https:\/\/www.messinaoggi.it\/website\/wp-content\/uploads\/2023\/02\/Sede-Caronte-Tourist.jpeg","author_info":{"display_name":"red.me","author_link":"https:\/\/www.messinaoggi.it\/website\/author\/red-me\/"},"digistream_id":0,"digistream":false,"_links":{"self":[{"href":"https:\/\/www.messinaoggi.it\/website\/wp-json\/wp\/v2\/posts\/168168"}],"collection":[{"href":"https:\/\/www.messinaoggi.it\/website\/wp-json\/wp\/v2\/posts"}],"about":[{"href":"https:\/\/www.messinaoggi.it\/website\/wp-json\/wp\/v2\/types\/post"}],"author":[{"embeddable":true,"href":"https:\/\/www.messinaoggi.it\/website\/wp-json\/wp\/v2\/users\/15"}],"replies":[{"embeddable":true,"href":"https:\/\/www.messinaoggi.it\/website\/wp-json\/wp\/v2\/comments?post=168168"}],"version-history":[{"count":1,"href":"https:\/\/www.messinaoggi.it\/website\/wp-json\/wp\/v2\/posts\/168168\/revisions"}],"predecessor-version":[{"id":168176,"href":"https:\/\/www.messinaoggi.it\/website\/wp-json\/wp\/v2\/posts\/168168\/revisions\/168176"}],"wp:featuredmedia":[{"embeddable":true,"href":"https:\/\/www.messinaoggi.it\/website\/wp-json\/wp\/v2\/media\/141056"}],"wp:attachment":[{"href":"https:\/\/www.messinaoggi.it\/website\/wp-json\/wp\/v2\/media?parent=168168"}],"wp:term":[{"taxonomy":"category","embeddable":true,"href":"https:\/\/www.messinaoggi.it\/website\/wp-json\/wp\/v2\/categories?post=168168"},{"taxonomy":"post_tag","embeddable":true,"href":"https:\/\/www.messinaoggi.it\/website\/wp-json\/wp\/v2\/tags?post=168168"}],"curies":[{"name":"wp","href":"https:\/\/api.w.org\/{rel}","templated":true}]}}