{"id":168132,"date":"2023-09-05T22:08:01","date_gmt":"2023-09-05T20:08:01","guid":{"rendered":"https:\/\/www.messinaoggi.it\/website\/2023\/09\/05\/europee-renzi-soglia-al-3-per-me-lideale-e-lasciare-la-legge-come\/"},"modified":"2023-09-06T09:55:44","modified_gmt":"2023-09-06T07:55:44","slug":"europee-renzi-soglia-al-3-per-me-lideale-e-lasciare-la-legge-come","status":"publish","type":"post","link":"https:\/\/www.messinaoggi.it\/website\/2023\/09\/05\/europee-renzi-soglia-al-3-per-me-lideale-e-lasciare-la-legge-come\/","title":{"rendered":"Europee, Renzi \u201cSoglia al 3%? Per me l\u2019ideale \u00e8 lasciare la legge com\u2019\u00e8\u201d"},"content":{"rendered":"<div>ROMA (ITALPRESS) &#8211; &#8220;Soglia di sbarramento alle Europee al 3%? No,<br \/>per me l&#8217;ideale \u00e8 che si lasci la legge com&#8217;\u00e8, visto che \u00e8 anche<br \/>l&#8217;unica con le preferenze&#8221;: a dirlo al Tg1 il leader di Italia<br \/>Viva, Matteo Renzi. &#8220;Il Governo sta fallendo, e da italiano dico<br \/>purtroppo, e l&#8217;opposizione se possibile sta facendo peggio. Non<br \/>funziona il sovranismo della Meloni e non funziona l&#8217;alternativa<br \/>Schlein-Conte. Penso che tanti italiani desiderino una proposta<br \/>riformista. I compagni di strada che avremo saranno persone della<br \/>politica ma soprattutto che provengono dalle esperienze civiche&#8221;, ha aggiunto Renzi, che ieri ha annunciato che si candider\u00e0 alle Europee. &#8220;Noi siamo con Macron, \u00e8 il vero punto di unione tra<br \/>popolari e socialisti &#8211; aggiunge -. Ma soprattutto siamo contro le derive alla Le Pen o al Movimento 5 Stelle&#8221;.<div id=\"div-gpt-ad-Messinaoggi.it-DSK-300x250-corpoart\" style=\"text-align:center;margin:0 auto;\"><\/div><\/p>\n<p>&#8211; foto: Agenzia Fotogramma &#8211;<br \/>(ITALPRESS).<\/div>\n<div id=\"videoincontent\" style=\"clear:both\";><\/div>","protected":false},"excerpt":{"rendered":"<p>ROMA (ITALPRESS) &#8211; &#8220;Soglia di sbarramento alle Europee al 3%? No,per me l&#8217;ideale \u00e8 che si lasci la legge com&#8217;\u00e8, visto che \u00e8 anchel&#8217;unica con le preferenze&#8221;: a dirlo al Tg1 il leader di ItaliaViva, Matteo Renzi. &#8220;Il Governo sta fallendo, e da italiano dicopurtroppo, e l&#8217;opposizione se possibile sta facendo peggio. Nonfunziona il sovranismo [&hellip;]<\/p>\n","protected":false},"author":18,"featured_media":168133,"comment_status":"closed","ping_status":"closed","sticky":false,"template":"","format":"standard","meta":{"ub_ctt_via":"","_mi_skip_tracking":false},"categories":[446,6],"tags":[783],"featured_image_src":"https:\/\/www.messinaoggi.it\/website\/wp-content\/uploads\/2023\/09\/20230905_1721.jpg","author_info":{"display_name":"Admin","author_link":"https:\/\/www.messinaoggi.it\/website\/author\/admin\/"},"digistream_id":0,"digistream":false,"_links":{"self":[{"href":"https:\/\/www.messinaoggi.it\/website\/wp-json\/wp\/v2\/posts\/168132"}],"collection":[{"href":"https:\/\/www.messinaoggi.it\/website\/wp-json\/wp\/v2\/posts"}],"about":[{"href":"https:\/\/www.messinaoggi.it\/website\/wp-json\/wp\/v2\/types\/post"}],"author":[{"embeddable":true,"href":"https:\/\/www.messinaoggi.it\/website\/wp-json\/wp\/v2\/users\/18"}],"replies":[{"embeddable":true,"href":"https:\/\/www.messinaoggi.it\/website\/wp-json\/wp\/v2\/comments?post=168132"}],"version-history":[{"count":1,"href":"https:\/\/www.messinaoggi.it\/website\/wp-json\/wp\/v2\/posts\/168132\/revisions"}],"predecessor-version":[{"id":168147,"href":"https:\/\/www.messinaoggi.it\/website\/wp-json\/wp\/v2\/posts\/168132\/revisions\/168147"}],"wp:featuredmedia":[{"embeddable":true,"href":"https:\/\/www.messinaoggi.it\/website\/wp-json\/wp\/v2\/media\/168133"}],"wp:attachment":[{"href":"https:\/\/www.messinaoggi.it\/website\/wp-json\/wp\/v2\/media?parent=168132"}],"wp:term":[{"taxonomy":"category","embeddable":true,"href":"https:\/\/www.messinaoggi.it\/website\/wp-json\/wp\/v2\/categories?post=168132"},{"taxonomy":"post_tag","embeddable":true,"href":"https:\/\/www.messinaoggi.it\/website\/wp-json\/wp\/v2\/tags?post=168132"}],"curies":[{"name":"wp","href":"https:\/\/api.w.org\/{rel}","templated":true}]}}