{"id":168130,"date":"2023-09-05T22:08:00","date_gmt":"2023-09-05T20:08:00","guid":{"rendered":"https:\/\/www.messinaoggi.it\/website\/2023\/09\/05\/piantedosi-a-caivano-una-manifestazione-di-presenza-dello-stato\/"},"modified":"2023-09-05T22:08:00","modified_gmt":"2023-09-05T20:08:00","slug":"piantedosi-a-caivano-una-manifestazione-di-presenza-dello-stato","status":"publish","type":"post","link":"https:\/\/www.messinaoggi.it\/website\/2023\/09\/05\/piantedosi-a-caivano-una-manifestazione-di-presenza-dello-stato\/","title":{"rendered":"Piantedosi \u201cA Caivano una manifestazione di presenza dello Stato\u201d"},"content":{"rendered":"<div>MILANO (ITALPRESS) &#8211; Sull&#8217;operazione al Parco Verde di Caivano, &#8220;ho detto subito che non \u00e8 un blitz perch\u00e8 l&#8217;obiettivo \u00e8 iniziare un percorso di riconduzione di un luogo come quello ad una conoscenza pi\u00f9 approfondita delle istituzioni. Oggi abbiamo analizzato l&#8217;equivalente di neanche un decimo di quello che \u00e8 tutto il Parco Verde: sono state fatte 76 perquisizioni su 750 alloggi. Significa entrare l\u00ec e manifestare la presenza dello Stato&#8221;. Lo ha dichiarato il ministro dell&#8217;Interno Matteo Piantedosi in un&#8217;intervista alla trasmissione &#8220;Stasera Italia&#8221; su Rete 4.<div id=\"div-gpt-ad-Messinaoggi.it-DSK-300x250-corpoart\" style=\"text-align:center;margin:0 auto;\"><\/div><\/p>\n<p>&#8211; foto: Agenzia Fotogramma &#8211;<br \/>(ITALPRESS).<\/div>\n<div id=\"videoincontent\" style=\"clear:both\";><\/div>","protected":false},"excerpt":{"rendered":"<p>MILANO (ITALPRESS) &#8211; Sull&#8217;operazione al Parco Verde di Caivano, &#8220;ho detto subito che non \u00e8 un blitz perch\u00e8 l&#8217;obiettivo \u00e8 iniziare un percorso di riconduzione di un luogo come quello ad una conoscenza pi\u00f9 approfondita delle istituzioni. Oggi abbiamo analizzato l&#8217;equivalente di neanche un decimo di quello che \u00e8 tutto il Parco Verde: sono state [&hellip;]<\/p>\n","protected":false},"author":18,"featured_media":168131,"comment_status":"closed","ping_status":"closed","sticky":false,"template":"","format":"standard","meta":{"ub_ctt_via":"","_mi_skip_tracking":false},"categories":[446],"tags":[783],"featured_image_src":"https:\/\/www.messinaoggi.it\/website\/wp-content\/uploads\/2023\/09\/20230905_1718.jpg","author_info":{"display_name":"Admin","author_link":"https:\/\/www.messinaoggi.it\/website\/author\/admin\/"},"digistream_id":0,"digistream":false,"_links":{"self":[{"href":"https:\/\/www.messinaoggi.it\/website\/wp-json\/wp\/v2\/posts\/168130"}],"collection":[{"href":"https:\/\/www.messinaoggi.it\/website\/wp-json\/wp\/v2\/posts"}],"about":[{"href":"https:\/\/www.messinaoggi.it\/website\/wp-json\/wp\/v2\/types\/post"}],"author":[{"embeddable":true,"href":"https:\/\/www.messinaoggi.it\/website\/wp-json\/wp\/v2\/users\/18"}],"replies":[{"embeddable":true,"href":"https:\/\/www.messinaoggi.it\/website\/wp-json\/wp\/v2\/comments?post=168130"}],"version-history":[{"count":0,"href":"https:\/\/www.messinaoggi.it\/website\/wp-json\/wp\/v2\/posts\/168130\/revisions"}],"wp:featuredmedia":[{"embeddable":true,"href":"https:\/\/www.messinaoggi.it\/website\/wp-json\/wp\/v2\/media\/168131"}],"wp:attachment":[{"href":"https:\/\/www.messinaoggi.it\/website\/wp-json\/wp\/v2\/media?parent=168130"}],"wp:term":[{"taxonomy":"category","embeddable":true,"href":"https:\/\/www.messinaoggi.it\/website\/wp-json\/wp\/v2\/categories?post=168130"},{"taxonomy":"post_tag","embeddable":true,"href":"https:\/\/www.messinaoggi.it\/website\/wp-json\/wp\/v2\/tags?post=168130"}],"curies":[{"name":"wp","href":"https:\/\/api.w.org\/{rel}","templated":true}]}}