{"id":16809,"date":"2018-03-13T12:27:31","date_gmt":"2018-03-13T11:27:31","guid":{"rendered":"http:\/\/www.messinaoggi.it\/website\/?p=16809"},"modified":"2018-03-13T12:27:31","modified_gmt":"2018-03-13T11:27:31","slug":"porto-tremesteri-finalmente-arriva-la-firma-accorinti-giornata-storica","status":"publish","type":"post","link":"https:\/\/www.messinaoggi.it\/website\/2018\/03\/13\/porto-tremesteri-finalmente-arriva-la-firma-accorinti-giornata-storica\/","title":{"rendered":"Porto Tremesteri, finalmente arriva la firma. Accorinti: &quot;Giornata storica&quot;"},"content":{"rendered":"<p style=\"padding-left: 30px;text-align: justify\">Un appalto da oltre 70 milioni, un\u2019opera che la citt\u00e0 aspetta da decenni per vedere le proprie strade finalmente libere dai mezzi pesanti. La firma sul verbale d\u2019assegnazione per i lavori a porto di Tremestieri \u00e8 stata apposta questa mattina al Salone delle Bandiere di Palazzo Zanca, un passo dovuto che permetter\u00e0 alla societ\u00e0 Coedmar di poter iniziare ad operare nell\u2019immediato.<div id=\"div-gpt-ad-Messinaoggi.it-DSK-300x250-corpoart\" style=\"text-align:center;margin:0 auto;\"><\/div><\/p>\n<p style=\"padding-left: 30px;text-align: justify\"><img loading=\"lazy\" class=\"alignnone size-medium wp-image-16803\" src=\"http:\/\/www.messinaoggi.it\/website\/wp-content\/uploads\/2018\/03\/firma-porto-tremestieri-RRP_6155-300x200.jpg\" alt=\"\" width=\"300\" height=\"200\" \/><div id=\"videoincontent\" style=\"clear:both\";><\/div><\/p>\n<p style=\"padding-left: 30px;text-align: justify\">Soddisfatto il sindaco, Renato Accorinti, che non ha mai nascosto l\u2019importanza di chiudere l\u2019appalto per i lavori al porto di Tremestieri: \u201c<em>Cinque anni fa, al momento del mio insediamento, ho detto che mi sarei accontentato di chiudere \u201csolo\u201d l\u2019accordo per la realizzazione del porto di Tremestieri. Oggi \u00e8 una giornata storica per Messina, mi tocca direttamente perch\u00e9 ho ancora davanti agli occhi il cadavere di Bianca Di Stefano sull\u2019asfalto con accanto i genitori disperati. Questa citt\u00e0 per decenni ha vissuto l\u2019anomalia di vedere i mezzi pesanti nelle strade, molto presto tutto ci\u00f2 non accadr\u00e0 pi\u00f9\u201d.<\/em><\/p>\n<p style=\"padding-left: 30px;text-align: justify\">I lavori dureranno 18 mesi, cos\u00ec come sottolineato dall\u2019assessore ai Lavori Pubblici, Sergio De Cola: \u201c<em>Si parla di tempi europei, l\u2019impresa \u00e8 serena ed ha approfondito le caratteristiche dei luoghi e dispone di potenti mezzi per superare ogni possibile ostacolo e lo siamo anche noi, adesso viene la parte che riguarda il fare. Ulteriori insabbiamenti? Non credo, noi abbiamo commissionato studi molto approfonditi e su questi abbiamo poi adeguato il progetto\u201d<\/em>.<\/p>\n<p style=\"padding-left: 30px;text-align: justify\">Il commissario dell\u2019Autorit\u00e0 Portuale, Antonino De Simone, ha poi aggiunto: <em>\u201cNoi ci abbiamo sempre creduto, sicuramente si risolver\u00e0 l\u2019annoso problema dei Tir in una citt\u00e0 che ha pagato un prezzo molto alto anche in termini di vite umane. Si amplieranno le autostrade del mare, si risolver\u00e0 anche il problema degli insabbiamenti. Noi comunque andremo avanti e cercheremo di fare ci\u00f2 che abbiamo sempre fatto sin qui, cio\u00e8 limiteremo il flusso dei mezzi pesanti in citt\u00e0 attraverso lo scalo di emergenza\u201d.<\/em><\/p>\n<p style=\"padding-left: 30px;text-align: justify\">Per la societ\u00e0 Coedmar, era presente l\u2019ingegnere Orianna Boscolo: \u201c<em>Il personale all\u2019interno della nostra flotta \u00e8 altamente specializzato, per quanto riguarda la manovalanza terrestre attingeremo dal territorio\u201d.<\/em><\/p>\n<p style=\"padding-left: 30px;text-align: justify\">Il numero di operai che potrebbero essere impegnati si aggira intorno alle 80 unit\u00e0, le prospettive di lavoro per il territorio non mancano e proprio sula salvaguardia della manodopera locale, il segretario generale della Uil, Ivan Tripodi, afferma: \u201c<em>Questo per noi \u00e8 un punto imprescindibile, auspichiamo la firma di un protocollo tra i sindacati di categoria e la societ\u00e0 affinch\u00e8 venga utilizzata manodopera locale\u201d. <\/em><\/p>\n","protected":false},"excerpt":{"rendered":"<p>Un appalto da oltre 70 milioni, un\u2019opera che la citt\u00e0 aspetta da decenni per vedere le proprie strade finalmente libere dai mezzi pesanti. La firma sul verbale d\u2019assegnazione per i lavori a porto di Tremestieri \u00e8 stata apposta questa mattina al Salone delle Bandiere di Palazzo Zanca, un passo dovuto che permetter\u00e0 alla societ\u00e0 Coedmar [&hellip;]<\/p>\n","protected":false},"author":14,"featured_media":16805,"comment_status":"closed","ping_status":"open","sticky":false,"template":"","format":"standard","meta":{"ub_ctt_via":"","_mi_skip_tracking":false},"categories":[6],"tags":[],"featured_image_src":"https:\/\/www.messinaoggi.it\/website\/wp-content\/uploads\/2018\/03\/firma-porto-tremestieri-RRP_6188-1.jpg","author_info":{"display_name":"Antonio Macauda","author_link":"https:\/\/www.messinaoggi.it\/website\/author\/a-macauda\/"},"digistream_id":0,"digistream":false,"_links":{"self":[{"href":"https:\/\/www.messinaoggi.it\/website\/wp-json\/wp\/v2\/posts\/16809"}],"collection":[{"href":"https:\/\/www.messinaoggi.it\/website\/wp-json\/wp\/v2\/posts"}],"about":[{"href":"https:\/\/www.messinaoggi.it\/website\/wp-json\/wp\/v2\/types\/post"}],"author":[{"embeddable":true,"href":"https:\/\/www.messinaoggi.it\/website\/wp-json\/wp\/v2\/users\/14"}],"replies":[{"embeddable":true,"href":"https:\/\/www.messinaoggi.it\/website\/wp-json\/wp\/v2\/comments?post=16809"}],"version-history":[{"count":0,"href":"https:\/\/www.messinaoggi.it\/website\/wp-json\/wp\/v2\/posts\/16809\/revisions"}],"wp:featuredmedia":[{"embeddable":true,"href":"https:\/\/www.messinaoggi.it\/website\/wp-json\/wp\/v2\/media\/16805"}],"wp:attachment":[{"href":"https:\/\/www.messinaoggi.it\/website\/wp-json\/wp\/v2\/media?parent=16809"}],"wp:term":[{"taxonomy":"category","embeddable":true,"href":"https:\/\/www.messinaoggi.it\/website\/wp-json\/wp\/v2\/categories?post=16809"},{"taxonomy":"post_tag","embeddable":true,"href":"https:\/\/www.messinaoggi.it\/website\/wp-json\/wp\/v2\/tags?post=16809"}],"curies":[{"name":"wp","href":"https:\/\/api.w.org\/{rel}","templated":true}]}}