{"id":168073,"date":"2023-09-05T12:08:05","date_gmt":"2023-09-05T10:08:05","guid":{"rendered":"https:\/\/www.messinaoggi.it\/website\/2023\/09\/05\/blitz-a-caivano-meloni-avanti-senza-esitazioni-no-a-zone-franche\/"},"modified":"2023-09-05T12:08:05","modified_gmt":"2023-09-05T10:08:05","slug":"blitz-a-caivano-meloni-avanti-senza-esitazioni-no-a-zone-franche","status":"publish","type":"post","link":"https:\/\/www.messinaoggi.it\/website\/2023\/09\/05\/blitz-a-caivano-meloni-avanti-senza-esitazioni-no-a-zone-franche\/","title":{"rendered":"Blitz a Caivano, Meloni \u201cAvanti senza esitazioni, no a zone franche\u201d"},"content":{"rendered":"<div>ROMA (ITALPRESS) &#8211; &#8220;Oggi \u00e8 iniziata l&#8217;operazione di bonifica del Parco Verde di Caivano. La maxi operazione iniziata questa mattina all&#8217;alba &#8211; per la quale ringrazio tutte le Forze dell&#8217;Ordine coinvolte &#8211; \u00e8 solo l&#8217;inizio di quel lungo percorso che il Governo si \u00e8 impegnato a portare avanti per ripristinare legalit\u00e0 e sicurezza e per far sentire forte la presenza dello Stato ai cittadini. E gettare cos\u00ec le basi per la ricostruzione sociale e la rinascita del territorio. Contro la criminalit\u00e0 procederemo sempre spediti e senza esitazioni. Affinch\u00e8 in Italia non ci siano pi\u00f9 zone franche&#8221;. Lo scrive su X, l&#8217;ex Twitter, il premier Giorgia Meloni.<div id=\"div-gpt-ad-Messinaoggi.it-DSK-300x250-corpoart\" style=\"text-align:center;margin:0 auto;\"><\/div><\/p>\n<p>&#8211; foto: Agenzia Fotogramma &#8211;<div id=\"videoincontent\" style=\"clear:both\";><\/div><\/p>\n<p>(ITALPRESS).<\/p><\/div>\n","protected":false},"excerpt":{"rendered":"<p>ROMA (ITALPRESS) &#8211; &#8220;Oggi \u00e8 iniziata l&#8217;operazione di bonifica del Parco Verde di Caivano. La maxi operazione iniziata questa mattina all&#8217;alba &#8211; per la quale ringrazio tutte le Forze dell&#8217;Ordine coinvolte &#8211; \u00e8 solo l&#8217;inizio di quel lungo percorso che il Governo si \u00e8 impegnato a portare avanti per ripristinare legalit\u00e0 e sicurezza e per [&hellip;]<\/p>\n","protected":false},"author":18,"featured_media":168074,"comment_status":"closed","ping_status":"closed","sticky":false,"template":"","format":"standard","meta":{"ub_ctt_via":"","_mi_skip_tracking":false},"categories":[446],"tags":[783],"featured_image_src":"https:\/\/www.messinaoggi.it\/website\/wp-content\/uploads\/2023\/09\/20230905_0321.jpg","author_info":{"display_name":"Admin","author_link":"https:\/\/www.messinaoggi.it\/website\/author\/admin\/"},"digistream_id":0,"digistream":false,"_links":{"self":[{"href":"https:\/\/www.messinaoggi.it\/website\/wp-json\/wp\/v2\/posts\/168073"}],"collection":[{"href":"https:\/\/www.messinaoggi.it\/website\/wp-json\/wp\/v2\/posts"}],"about":[{"href":"https:\/\/www.messinaoggi.it\/website\/wp-json\/wp\/v2\/types\/post"}],"author":[{"embeddable":true,"href":"https:\/\/www.messinaoggi.it\/website\/wp-json\/wp\/v2\/users\/18"}],"replies":[{"embeddable":true,"href":"https:\/\/www.messinaoggi.it\/website\/wp-json\/wp\/v2\/comments?post=168073"}],"version-history":[{"count":0,"href":"https:\/\/www.messinaoggi.it\/website\/wp-json\/wp\/v2\/posts\/168073\/revisions"}],"wp:featuredmedia":[{"embeddable":true,"href":"https:\/\/www.messinaoggi.it\/website\/wp-json\/wp\/v2\/media\/168074"}],"wp:attachment":[{"href":"https:\/\/www.messinaoggi.it\/website\/wp-json\/wp\/v2\/media?parent=168073"}],"wp:term":[{"taxonomy":"category","embeddable":true,"href":"https:\/\/www.messinaoggi.it\/website\/wp-json\/wp\/v2\/categories?post=168073"},{"taxonomy":"post_tag","embeddable":true,"href":"https:\/\/www.messinaoggi.it\/website\/wp-json\/wp\/v2\/tags?post=168073"}],"curies":[{"name":"wp","href":"https:\/\/api.w.org\/{rel}","templated":true}]}}