{"id":168048,"date":"2023-09-05T11:08:01","date_gmt":"2023-09-05T09:08:01","guid":{"rendered":"https:\/\/www.messinaoggi.it\/website\/2023\/09\/05\/europee-lega-la-soglia-di-sbarramento-non-va-abbassata\/"},"modified":"2023-09-05T11:08:01","modified_gmt":"2023-09-05T09:08:01","slug":"europee-lega-la-soglia-di-sbarramento-non-va-abbassata","status":"publish","type":"post","link":"https:\/\/www.messinaoggi.it\/website\/2023\/09\/05\/europee-lega-la-soglia-di-sbarramento-non-va-abbassata\/","title":{"rendered":"Europee, Lega \u201cLa soglia di sbarramento non va abbassata\u201d"},"content":{"rendered":"<div>ROMA (ITALPRESS) &#8211; &#8220;La Lega \u00e8 contraria ad abbassare la soglia di sbarramento in vista delle elezioni Europee: la modifica della legge elettorale non \u00e8 una priorit\u00e0, ma soprattutto \u00e8 giusto che gli Italiani scelgano i propri rappresentanti senza che ci siano aiutini. Chi ha i voti, ottiene il seggio. Peraltro, in teoria sarebbe pi\u00f9 ragionevole alzare la soglia: consentirebbe di limitare la frammentazione politica che rende il Paese pi\u00f9 debole&#8221;. Cos\u00ec una nota della Lega.<div id=\"div-gpt-ad-Messinaoggi.it-DSK-300x250-corpoart\" style=\"text-align:center;margin:0 auto;\"><\/div><\/p>\n<p>&#8211; foto: Agenzia Fotogramma &#8211;<div id=\"videoincontent\" style=\"clear:both\";><\/div><\/p>\n<p>(ITALPRESS).<\/p><\/div>\n","protected":false},"excerpt":{"rendered":"<p>ROMA (ITALPRESS) &#8211; &#8220;La Lega \u00e8 contraria ad abbassare la soglia di sbarramento in vista delle elezioni Europee: la modifica della legge elettorale non \u00e8 una priorit\u00e0, ma soprattutto \u00e8 giusto che gli Italiani scelgano i propri rappresentanti senza che ci siano aiutini. Chi ha i voti, ottiene il seggio. Peraltro, in teoria sarebbe pi\u00f9 [&hellip;]<\/p>\n","protected":false},"author":18,"featured_media":168049,"comment_status":"closed","ping_status":"closed","sticky":false,"template":"","format":"standard","meta":{"ub_ctt_via":"","_mi_skip_tracking":false},"categories":[446],"tags":[783],"featured_image_src":"https:\/\/www.messinaoggi.it\/website\/wp-content\/uploads\/2023\/09\/20230905_0171.jpg","author_info":{"display_name":"Admin","author_link":"https:\/\/www.messinaoggi.it\/website\/author\/admin\/"},"digistream_id":0,"digistream":false,"_links":{"self":[{"href":"https:\/\/www.messinaoggi.it\/website\/wp-json\/wp\/v2\/posts\/168048"}],"collection":[{"href":"https:\/\/www.messinaoggi.it\/website\/wp-json\/wp\/v2\/posts"}],"about":[{"href":"https:\/\/www.messinaoggi.it\/website\/wp-json\/wp\/v2\/types\/post"}],"author":[{"embeddable":true,"href":"https:\/\/www.messinaoggi.it\/website\/wp-json\/wp\/v2\/users\/18"}],"replies":[{"embeddable":true,"href":"https:\/\/www.messinaoggi.it\/website\/wp-json\/wp\/v2\/comments?post=168048"}],"version-history":[{"count":0,"href":"https:\/\/www.messinaoggi.it\/website\/wp-json\/wp\/v2\/posts\/168048\/revisions"}],"wp:featuredmedia":[{"embeddable":true,"href":"https:\/\/www.messinaoggi.it\/website\/wp-json\/wp\/v2\/media\/168049"}],"wp:attachment":[{"href":"https:\/\/www.messinaoggi.it\/website\/wp-json\/wp\/v2\/media?parent=168048"}],"wp:term":[{"taxonomy":"category","embeddable":true,"href":"https:\/\/www.messinaoggi.it\/website\/wp-json\/wp\/v2\/categories?post=168048"},{"taxonomy":"post_tag","embeddable":true,"href":"https:\/\/www.messinaoggi.it\/website\/wp-json\/wp\/v2\/tags?post=168048"}],"curies":[{"name":"wp","href":"https:\/\/api.w.org\/{rel}","templated":true}]}}