{"id":16793,"date":"2018-03-13T12:27:21","date_gmt":"2018-03-13T11:27:21","guid":{"rendered":"http:\/\/www.messinaoggi.it\/website\/?p=16793"},"modified":"2018-03-13T12:27:21","modified_gmt":"2018-03-13T11:27:21","slug":"mandalari-in-tilt-la-distribuzione-degli-ausili-stressa-utenti-e-personale","status":"publish","type":"post","link":"https:\/\/www.messinaoggi.it\/website\/2018\/03\/13\/mandalari-in-tilt-la-distribuzione-degli-ausili-stressa-utenti-e-personale\/","title":{"rendered":"Mandalari in tilt, la distribuzione degli ausili &quot;stressa&quot; utenti e personale"},"content":{"rendered":"<p>&#8220;Mio padre \u00e8 paraplegico, soffre di gravi patologie, da Itala al Mandalari \u00e8 un viaggio, \u00e8 necessaria l&#8217;apertura di un presidio per la distribuzione degli ausili nella zona sud&#8221;: lo scriveva, nel 2012, un lettore esasperato che nel frattempo ha perso il padre paraplegico ed in un certo senso ha finito la sua odissea. Ma sono in tanti a proseguire questo calvario.<br \/>\nMarzo 2018, stesse scene con interminabili file agli sportelli, nervosismo degli utenti ed esasperazione del personale in servizio, sempre pi\u00f9 ridotto all&#8217;osso. Tempi biblici, cos\u00ec l\u2019utente \u00e8 spesso costretto a tornarsene a casa senza il materiale richiesto.<br \/>\nUna situazione insostenibile segnalata da pi\u00f9 cittadini che si sono rivolti alla nostra redazione per denunciare l\u2019accaduto. Anche noi abbiamo telefonato per cercare di capirne di pi\u00f9 e siamo rimasti spiazzati per la risposta che sa tanto di una dichiarazione di resa: \u201cSiamo esasperati pi\u00f9 degli utenti \u2013 ha riferito un addetto che ha voluto mantenere l\u2019anonimato, copriamo un vasto territorio, le richieste aumentano ed il personale diminuisce\u201d.<br \/>\nI tagli stanno \u201cspremendo\u201d anche i pochi dipendenti rimasti, costretti ad un surplus di lavoro per fronteggiare la richiesta sempre crescente. La soluzione \u00e8 esternalizzare alle farmacie, un&#8217;ipotesi sempre pi\u00f9 concreta che potrebbe alleggerire il distretto del &#8220;Mandalari&#8221;, consentendo agli utenti di evitare lunghe code e fastidiosi spostamenti.<br \/>\n<strong>Tonino Demana<\/strong><br \/>\n <br \/>\n <div id=\"div-gpt-ad-Messinaoggi.it-DSK-300x250-corpoart\" style=\"text-align:center;margin:0 auto;\"><\/div><\/p>\n<div id=\"videoincontent\" style=\"clear:both\";><\/div>","protected":false},"excerpt":{"rendered":"<p>&#8220;Mio padre \u00e8 paraplegico, soffre di gravi patologie, da Itala al Mandalari \u00e8 un viaggio, \u00e8 necessaria l&#8217;apertura di un presidio per la distribuzione degli ausili nella zona sud&#8221;: lo scriveva, nel 2012, un lettore esasperato che nel frattempo ha perso il padre paraplegico ed in un certo senso ha finito la sua odissea. Ma [&hellip;]<\/p>\n","protected":false},"author":2,"featured_media":16794,"comment_status":"closed","ping_status":"open","sticky":false,"template":"","format":"standard","meta":{"ub_ctt_via":"","_mi_skip_tracking":false},"categories":[5],"tags":[],"featured_image_src":"https:\/\/www.messinaoggi.it\/website\/wp-content\/uploads\/2018\/03\/mandalari-Asl-1.jpg","author_info":{"display_name":"Redazione","author_link":"https:\/\/www.messinaoggi.it\/website\/author\/redazione\/"},"digistream_id":0,"digistream":false,"_links":{"self":[{"href":"https:\/\/www.messinaoggi.it\/website\/wp-json\/wp\/v2\/posts\/16793"}],"collection":[{"href":"https:\/\/www.messinaoggi.it\/website\/wp-json\/wp\/v2\/posts"}],"about":[{"href":"https:\/\/www.messinaoggi.it\/website\/wp-json\/wp\/v2\/types\/post"}],"author":[{"embeddable":true,"href":"https:\/\/www.messinaoggi.it\/website\/wp-json\/wp\/v2\/users\/2"}],"replies":[{"embeddable":true,"href":"https:\/\/www.messinaoggi.it\/website\/wp-json\/wp\/v2\/comments?post=16793"}],"version-history":[{"count":0,"href":"https:\/\/www.messinaoggi.it\/website\/wp-json\/wp\/v2\/posts\/16793\/revisions"}],"wp:featuredmedia":[{"embeddable":true,"href":"https:\/\/www.messinaoggi.it\/website\/wp-json\/wp\/v2\/media\/16794"}],"wp:attachment":[{"href":"https:\/\/www.messinaoggi.it\/website\/wp-json\/wp\/v2\/media?parent=16793"}],"wp:term":[{"taxonomy":"category","embeddable":true,"href":"https:\/\/www.messinaoggi.it\/website\/wp-json\/wp\/v2\/categories?post=16793"},{"taxonomy":"post_tag","embeddable":true,"href":"https:\/\/www.messinaoggi.it\/website\/wp-json\/wp\/v2\/tags?post=16793"}],"curies":[{"name":"wp","href":"https:\/\/api.w.org\/{rel}","templated":true}]}}