{"id":167916,"date":"2023-09-04T11:14:06","date_gmt":"2023-09-04T09:14:06","guid":{"rendered":"http:\/\/www.messinaoggi.it\/website\/?p=167916"},"modified":"2023-09-04T11:14:08","modified_gmt":"2023-09-04T09:14:08","slug":"cordoli-sul-viale-s-martino-fratelli-ditalia-urge-un-confronto","status":"publish","type":"post","link":"https:\/\/www.messinaoggi.it\/website\/2023\/09\/04\/cordoli-sul-viale-s-martino-fratelli-ditalia-urge-un-confronto\/","title":{"rendered":"Cordoli sul viale S. Martino, Fratelli d&#8217;Italia: &#8220;Urge un confronto&#8221;"},"content":{"rendered":"\n<p>Continuano a far discutere i nuovi cordoli sul viale San Martino per separare la corsia ciclabile dal resto della carreggiata. I consiglieri comunali di Fratelli d&#8217;Italia Libero Gioveni e Dario Carbone hanno infatti chiesto al presidente della Commissione Viabilit\u00e0, Salvatore Papa, di convocare con urgenza una seduta sulla questione cordoli e pista ciclabile sul viale San Martino.<div id=\"div-gpt-ad-Messinaoggi.it-DSK-300x250-corpoart\" style=\"text-align:center;margin:0 auto;\"><\/div><\/p>\n\n\n\n<p>\u201cPremesso che concettualmente non siamo contrari alle piste ciclabili &#8211; dichiarano i due consiglieri &#8211; riteniamo che a seguito delle prime criticit\u00e0 emerse o denunciate da parte dei cittadini (difficolt\u00e0 di manovra dei bus, rischi per la sicurezza ecc.), un dibattito in Aula si renda necessario, sia con la parte politica, sia con quella tecnica, sia anche con il comandante della polizia municipale\u201d.<div id=\"videoincontent\" style=\"clear:both\";><\/div><\/p>\n\n\n\n<p>\u201cAggiungiamo, infine, che un tema cos\u00ec importante e sentito e soprattutto che ha un impatto notevole sulla mobilit\u00e0 dei cittadini &#8211; concludono Gioveni e Carbone &#8211; non pu\u00f2 non essere oggetto di approfondimenti, soprattutto se si pensa che a breve il Consiglio Comunale sar\u00e0 chiamato ad esprimersi sul PUMS, che certamente dovr\u00e0 tenere conto anche degli ultimi interventi strutturali posti in essere, e non solo quelli sul viale San Martino\u201d.<\/p>\n","protected":false},"excerpt":{"rendered":"<p>Continuano a far discutere i nuovi cordoli sul viale San Martino per separare la corsia ciclabile dal resto della carreggiata. I consiglieri comunali di Fratelli d&#8217;Italia Libero Gioveni e Dario Carbone hanno infatti chiesto al presidente della Commissione Viabilit\u00e0, Salvatore Papa, di convocare con urgenza una seduta sulla questione cordoli e pista ciclabile sul viale [&hellip;]<\/p>\n","protected":false},"author":8,"featured_media":39229,"comment_status":"open","ping_status":"open","sticky":false,"template":"","format":"standard","meta":{"ub_ctt_via":"","_mi_skip_tracking":false},"categories":[4],"tags":[8603,2390,79],"featured_image_src":"https:\/\/www.messinaoggi.it\/website\/wp-content\/uploads\/2019\/12\/pista-ciclabile.jpg","author_info":{"display_name":"red..me","author_link":"https:\/\/www.messinaoggi.it\/website\/author\/redstage\/"},"digistream_id":0,"digistream":false,"_links":{"self":[{"href":"https:\/\/www.messinaoggi.it\/website\/wp-json\/wp\/v2\/posts\/167916"}],"collection":[{"href":"https:\/\/www.messinaoggi.it\/website\/wp-json\/wp\/v2\/posts"}],"about":[{"href":"https:\/\/www.messinaoggi.it\/website\/wp-json\/wp\/v2\/types\/post"}],"author":[{"embeddable":true,"href":"https:\/\/www.messinaoggi.it\/website\/wp-json\/wp\/v2\/users\/8"}],"replies":[{"embeddable":true,"href":"https:\/\/www.messinaoggi.it\/website\/wp-json\/wp\/v2\/comments?post=167916"}],"version-history":[{"count":1,"href":"https:\/\/www.messinaoggi.it\/website\/wp-json\/wp\/v2\/posts\/167916\/revisions"}],"predecessor-version":[{"id":167917,"href":"https:\/\/www.messinaoggi.it\/website\/wp-json\/wp\/v2\/posts\/167916\/revisions\/167917"}],"wp:featuredmedia":[{"embeddable":true,"href":"https:\/\/www.messinaoggi.it\/website\/wp-json\/wp\/v2\/media\/39229"}],"wp:attachment":[{"href":"https:\/\/www.messinaoggi.it\/website\/wp-json\/wp\/v2\/media?parent=167916"}],"wp:term":[{"taxonomy":"category","embeddable":true,"href":"https:\/\/www.messinaoggi.it\/website\/wp-json\/wp\/v2\/categories?post=167916"},{"taxonomy":"post_tag","embeddable":true,"href":"https:\/\/www.messinaoggi.it\/website\/wp-json\/wp\/v2\/tags?post=167916"}],"curies":[{"name":"wp","href":"https:\/\/api.w.org\/{rel}","templated":true}]}}