{"id":167863,"date":"2023-09-03T07:30:10","date_gmt":"2023-09-03T05:30:10","guid":{"rendered":"http:\/\/www.messinaoggi.it\/website\/?p=167863"},"modified":"2023-09-02T23:06:54","modified_gmt":"2023-09-02T21:06:54","slug":"unime-prof-gallo-premiato-dal-ministero-della-cultura-francese","status":"publish","type":"post","link":"https:\/\/www.messinaoggi.it\/website\/2023\/09\/03\/unime-prof-gallo-premiato-dal-ministero-della-cultura-francese\/","title":{"rendered":"Unime, prof. Gallo premiato dal Ministero della Cultura francese"},"content":{"rendered":"\n<p>Prestigioso riconoscimento per un docente dell&#8217;Universit\u00e0 di Messina. Il professor Pierino Gallo \u00e8 stato insignito del premio \u201cChevalier de l\u2019Ordre des Arts e des Lettres\u201d dal Ministero della Cultura francese con decreto di nomina del 20 luglio 2023. Si tratta di un\u2019alta onorificenza istituita il 2 maggio 1957 e destinata alle \u201cpersone che si sono distinte per le loro creazioni in campo artistico o letterario o per il contributo che essi hanno apportato alla diffusione delle arti e delle lettere in Francia e nel mondo\u201d. Tra i premiati pi\u00f9 illustri ricordiamo, per il contingente italiano, gli scrittori Antonio Tabucchi e Simonetta Greggio, oltre al celebre direttore d\u2019orchestra e uomo di cultura Marco Guidarini.<div id=\"div-gpt-ad-Messinaoggi.it-DSK-300x250-corpoart\" style=\"text-align:center;margin:0 auto;\"><\/div><\/p>\n\n\n\n<p>Pierino Gallo \u00e8 professore associato di Letteratura francese presso il Dipartimento di Civilt\u00e0 Antiche e Moderne dell\u2019Universit\u00e0 di Messina e membro corrispondente dell\u2019IHRIM-Saint-\u00c9tienne. I suoi ambiti di ricerca riguardano l\u2019evoluzione dei generi letterari (XVIII e XIX secolo); la produzione romanzesca del Secolo dei Lumi e le rappresentazioni dell\u2019America nella letteratura francese fra Sette e Ottocento. Ha all\u2019attivo numerosi studi su Marmontel, Voltaire, Raynal e Chateaubriand. Tra i suoi lavori pi\u00f9 recenti: Chateaubriand et l\u2019\u00e9pop\u00e9e du Nouveau Monde. Intertextualit\u00e9, imitations, transgressions, Eur\u00e9dit, 2019 (monografia); Jean-Fran\u00e7ois Marmontel, Alcibiade ou le Moi, Les Quatre Flacons et autres contes, L\u2019Harmattan, 2019 (ed. critica); Am\u00e9rique(s) po\u00e9tique(s) entre Ancien et Nouveau Monde. L\u2019espace am\u00e9ricain comme nouveau territoire de la fiction de Fontenelle \u00e0 Chateaubriand, Presses Universitaires Blaise Pascal, 2021 (collettaneo); Histoire des deux Indes. Raynal et ses doubles, Brill, CRIN 68, 2021-2022 (collettaneo). <div id=\"videoincontent\" style=\"clear:both\";><\/div><\/p>\n\n\n\n<p>Co-dirige attualmente il Dictionnaire Chateaubriand ed \u00e8 responsabile dell\u2019edizione critica dei Natchez (epopea americana di Chateaubriand) nell\u2019ambito delle \u0152uvres compl\u00e8tes in corso di stampa presso l\u2019editore Champion. \u00c8 coinvolto in progetti di ricerca internazionali e fa parte del comitato scientifico di diverse riviste di settore, tra le quali la prestigiosa The Romanic Review della Columbia University.<\/p>\n","protected":false},"excerpt":{"rendered":"<p>Prestigioso riconoscimento per un docente dell&#8217;Universit\u00e0 di Messina. Il professor Pierino Gallo \u00e8 stato insignito del premio \u201cChevalier de l\u2019Ordre des Arts e des Lettres\u201d dal Ministero della Cultura francese con decreto di nomina del 20 luglio 2023. Si tratta di un\u2019alta onorificenza istituita il 2 maggio 1957 e destinata alle \u201cpersone che si sono [&hellip;]<\/p>\n","protected":false},"author":8,"featured_media":167864,"comment_status":"open","ping_status":"open","sticky":false,"template":"","format":"standard","meta":{"ub_ctt_via":"","_mi_skip_tracking":false},"categories":[7],"tags":[8602,814],"featured_image_src":"https:\/\/www.messinaoggi.it\/website\/wp-content\/uploads\/2023\/09\/IMG-20230902-WA0032.jpg","author_info":{"display_name":"red..me","author_link":"https:\/\/www.messinaoggi.it\/website\/author\/redstage\/"},"digistream_id":0,"digistream":false,"_links":{"self":[{"href":"https:\/\/www.messinaoggi.it\/website\/wp-json\/wp\/v2\/posts\/167863"}],"collection":[{"href":"https:\/\/www.messinaoggi.it\/website\/wp-json\/wp\/v2\/posts"}],"about":[{"href":"https:\/\/www.messinaoggi.it\/website\/wp-json\/wp\/v2\/types\/post"}],"author":[{"embeddable":true,"href":"https:\/\/www.messinaoggi.it\/website\/wp-json\/wp\/v2\/users\/8"}],"replies":[{"embeddable":true,"href":"https:\/\/www.messinaoggi.it\/website\/wp-json\/wp\/v2\/comments?post=167863"}],"version-history":[{"count":1,"href":"https:\/\/www.messinaoggi.it\/website\/wp-json\/wp\/v2\/posts\/167863\/revisions"}],"predecessor-version":[{"id":167865,"href":"https:\/\/www.messinaoggi.it\/website\/wp-json\/wp\/v2\/posts\/167863\/revisions\/167865"}],"wp:featuredmedia":[{"embeddable":true,"href":"https:\/\/www.messinaoggi.it\/website\/wp-json\/wp\/v2\/media\/167864"}],"wp:attachment":[{"href":"https:\/\/www.messinaoggi.it\/website\/wp-json\/wp\/v2\/media?parent=167863"}],"wp:term":[{"taxonomy":"category","embeddable":true,"href":"https:\/\/www.messinaoggi.it\/website\/wp-json\/wp\/v2\/categories?post=167863"},{"taxonomy":"post_tag","embeddable":true,"href":"https:\/\/www.messinaoggi.it\/website\/wp-json\/wp\/v2\/tags?post=167863"}],"curies":[{"name":"wp","href":"https:\/\/api.w.org\/{rel}","templated":true}]}}