{"id":167817,"date":"2023-09-02T09:08:00","date_gmt":"2023-09-02T07:08:00","guid":{"rendered":"https:\/\/www.messinaoggi.it\/website\/2023\/09\/02\/lollobrigida-manovra-dovra-essere-sobria-fare-scelte-di-discontinuita\/"},"modified":"2023-09-02T09:08:00","modified_gmt":"2023-09-02T07:08:00","slug":"lollobrigida-manovra-dovra-essere-sobria-fare-scelte-di-discontinuita","status":"publish","type":"post","link":"https:\/\/www.messinaoggi.it\/website\/2023\/09\/02\/lollobrigida-manovra-dovra-essere-sobria-fare-scelte-di-discontinuita\/","title":{"rendered":"Lollobrigida \u201cManovra dovr\u00e0 essere sobria, fare scelte di discontinuit\u00e0\u201d"},"content":{"rendered":"<div>ROMA (ITALPRESS) &#8211; &#8220;Al di l\u00e0 di una flessione fisiologica, gli indicatori economici mi sembrano positivi. Lo spread tiene, le borse sono stabili. L&#8217;occupazione, anche se in calo a luglio, rispetto allo stesso mese dello scorso anno registra 362 mila unit\u00e0 in pi\u00f9&#8221;. Lo dice in una intervista a &#8220;Il Messaggero&#8221; Francesco Lollobrigida, ministro dell&#8217;Agricoltura e la sovranit\u00e0 alimentare parlando della crescita del Pil. &#8220;L&#8217;Italia sconta una congiuntura poco favorevole, per diversi motivi, dalla guerra in Ucraina al rallentamento di una straordinaria Regione come l&#8217;Emilia-Romagna per l&#8217;alluvione. Le ultime stime di luglio del fondo monetario internazionale ci dicono che l&#8217;Italia nel 2023 crescer\u00e0 pi\u00f9 della media dell&#8217;Eurozona, pi\u00f9 di altre Nazioni che pure si riteneva avessero fondamentali pi\u00f9 solidi&#8221;. L&#8217;esponente del governo Meloni parlando della manovra, aggiunge: &#8220;Dovr\u00e0 essere sobria. Serve responsabilit\u00e0, dobbiamo confermare l&#8217;immagine di un governo affidabile sul piano internazionale. Anche a costo di fare scelte di discontinuit\u00e0 e con un costo sul piano del consenso, come abbiamo fatto sul Reddito e il Superbonus&#8221;.<br \/>\nPoi indica le priorit\u00e0: &#8220;Tagliare il cuneo fiscale e dunque il costo del lavoro e aumentare il potere di acquisto delle famiglie, gli interventi a beneficio elettorale vengono dopo. Meglio piantare un seme in un campo bene arato che raccogliere tutto subito e poi aspettare la carestia. Un conservatore guarda al dopodomani come diceva Prezzolini. E una Nazione dovrebbe fare lo stesso per le future generazioni&#8221;. Quindi sul caro carburanti, aggiunge: &#8220;Siamo a favore di interventi mirati per chi ha pi\u00f9 bisogno. Un taglio delle accise orizzontale rischia invece di ottenere l&#8217;effetto opposto e privilegia, paradossalmente, i redditi alti. Per questo il governo considera pi\u00f9 logico un intervento di aiuto per i soggetti pi\u00f9 deboli, a partire dai pendolari come studenti, lavoratori e chi usa l&#8217;auto per motivi sanitari&#8221;. Sui rincari, poi, rivela: &#8220;Abbiamo gi\u00e0 preso contromisure. A partire dalla &#8216;Carta dedicata a t\u00e8 per sostenere il potere di acquisto delle famiglie coinvolte, azzerando di fatto la percezione dell&#8217;inflazione dei generi alimentari, grazie a un contributo che arriva a circa 400 euro&#8221;. &#8220;Secondo l&#8217;Istat, \u00e8 un contributo che corrisponde alla spesa media mensile di una famiglia. E&#8217; un aiuto importante, a cui si somma l&#8217;investimento da 111 milioni di euro per distribuire beni di qualit\u00e0 alle famiglie bisognose grazie alle associazioni del terzo settore. E sostenere cos\u00ec al contempo la filiera agroalimentare nazionale&#8221;.<div id=\"div-gpt-ad-Messinaoggi.it-DSK-300x250-corpoart\" style=\"text-align:center;margin:0 auto;\"><\/div><\/p>\n<p>foto: Agenzia Fotogramma<div id=\"videoincontent\" style=\"clear:both\";><\/div><\/p>\n<p>(ITALPRESS).<\/p><\/div>\n","protected":false},"excerpt":{"rendered":"<p>ROMA (ITALPRESS) &#8211; &#8220;Al di l\u00e0 di una flessione fisiologica, gli indicatori economici mi sembrano positivi. Lo spread tiene, le borse sono stabili. L&#8217;occupazione, anche se in calo a luglio, rispetto allo stesso mese dello scorso anno registra 362 mila unit\u00e0 in pi\u00f9&#8221;. Lo dice in una intervista a &#8220;Il Messaggero&#8221; Francesco Lollobrigida, ministro dell&#8217;Agricoltura [&hellip;]<\/p>\n","protected":false},"author":18,"featured_media":167818,"comment_status":"closed","ping_status":"closed","sticky":false,"template":"","format":"standard","meta":{"ub_ctt_via":"","_mi_skip_tracking":false},"categories":[446],"tags":[783],"featured_image_src":"https:\/\/www.messinaoggi.it\/website\/wp-content\/uploads\/2023\/09\/20230902_0075.jpg","author_info":{"display_name":"Admin","author_link":"https:\/\/www.messinaoggi.it\/website\/author\/admin\/"},"digistream_id":0,"digistream":false,"_links":{"self":[{"href":"https:\/\/www.messinaoggi.it\/website\/wp-json\/wp\/v2\/posts\/167817"}],"collection":[{"href":"https:\/\/www.messinaoggi.it\/website\/wp-json\/wp\/v2\/posts"}],"about":[{"href":"https:\/\/www.messinaoggi.it\/website\/wp-json\/wp\/v2\/types\/post"}],"author":[{"embeddable":true,"href":"https:\/\/www.messinaoggi.it\/website\/wp-json\/wp\/v2\/users\/18"}],"replies":[{"embeddable":true,"href":"https:\/\/www.messinaoggi.it\/website\/wp-json\/wp\/v2\/comments?post=167817"}],"version-history":[{"count":0,"href":"https:\/\/www.messinaoggi.it\/website\/wp-json\/wp\/v2\/posts\/167817\/revisions"}],"wp:featuredmedia":[{"embeddable":true,"href":"https:\/\/www.messinaoggi.it\/website\/wp-json\/wp\/v2\/media\/167818"}],"wp:attachment":[{"href":"https:\/\/www.messinaoggi.it\/website\/wp-json\/wp\/v2\/media?parent=167817"}],"wp:term":[{"taxonomy":"category","embeddable":true,"href":"https:\/\/www.messinaoggi.it\/website\/wp-json\/wp\/v2\/categories?post=167817"},{"taxonomy":"post_tag","embeddable":true,"href":"https:\/\/www.messinaoggi.it\/website\/wp-json\/wp\/v2\/tags?post=167817"}],"curies":[{"name":"wp","href":"https:\/\/api.w.org\/{rel}","templated":true}]}}