{"id":167809,"date":"2023-09-01T21:08:02","date_gmt":"2023-09-01T19:08:02","guid":{"rendered":"https:\/\/www.messinaoggi.it\/website\/2023\/09\/01\/ecco-la-prima-lista-di-spalletti-da-ct-29-i-convocati\/"},"modified":"2023-09-01T21:08:02","modified_gmt":"2023-09-01T19:08:02","slug":"ecco-la-prima-lista-di-spalletti-da-ct-29-i-convocati","status":"publish","type":"post","link":"https:\/\/www.messinaoggi.it\/website\/2023\/09\/01\/ecco-la-prima-lista-di-spalletti-da-ct-29-i-convocati\/","title":{"rendered":"Ecco la prima lista di Spalletti da ct, 29 i convocati"},"content":{"rendered":"<div>ROMA (ITALPRESS) &#8211; In attesa della presentazione ai media in programma domani mattina a Coverciano, Luciano Spalletti ha diramato le sue prime convocazioni da ct: sono 29 i calciatori chiamati dal neo commissario tecnico per le gare con Nord Macedonia (9 settembre a Skopje) e Ucraina (12 settembre a Milano), primi due impegni stagionali per la Nazionale nel cammino che porta verso Euro2024. Prima convocazione per il difensore della Lazio Nicol\u00f2 Casale, che nel 2022 era gi\u00e0 stato chiamato per due stage dedicati ai calciatori di interesse nazionale. Tornano a vestire la maglia azzurra Mattia Zaccagni (assente dal marzo 2022), Cristiano Biraghi, Gianluca Mancini e Manuel Locatelli (ultima convocazione nel giugno 2022). Fuori, invece, Jorginho e Verratti oltre al capitano Bonucci. La Nazionale si raduner\u00e0 domenica a Coverciano, dove rester\u00e0 ad allenarsi fino a venerd\u00ec 8 per poi partire nel pomeriggio alla volta di Skopje. Al termine del match con la Nord Macedonia gli Azzurri si trasferiranno a Milano per preparare la sfida con l&#8217;Ucraina. <br \/>Questi i convocati: <br \/>Portieri: Gianluigi Donnarumma (Paris Saint Germain), Alex Meret (Napoli), Ivan Provedel (Lazio), Guglielmo Vicario (Tottenham); difensori: Alessandro Bastoni (Inter), Cristiano Biraghi (Fiorentina), Nicol\u00f2 Casale (Lazio), Matteo Darmian (Inter), Giovanni Di Lorenzo (Napoli), Federico Dimarco (Inter), Gianluca Mancini (Roma), Alessio Romagnoli (Lazio), Giorgio Scalvini (Atalanta), Leonardo Spinazzola (Roma); <br \/>centrocampisti: Nicol\u00f2 Barella (Inter), Bryan Cristante (Roma), Davide Frattesi (Inter), Manuel Locatelli (Juventus), Lorenzo Pellegrini (Roma), Matteo Pessina (Monza), Sandro Tonali (Newcastle); <br \/>attaccanti: Federico Chiesa (Juventus), Wilfried Gnonto (Leeds), Ciro Immobile (Lazio), Matteo Politano (Napoli), Giacomo Raspadori (Napoli), Mateo Retegui (Genoa), Mattia Zaccagni (Lazio), Nicol\u00f2 Zaniolo (Aston Villa).<br \/>&#8211; foto Image &#8211; <br \/>(ITALPRESS).<\/div>\n<div id=\"div-gpt-ad-Messinaoggi.it-DSK-300x250-corpoart\" style=\"text-align:center;margin:0 auto;\"><\/div><\/p><div id=\"videoincontent\" style=\"clear:both\";><\/div>","protected":false},"excerpt":{"rendered":"<p>ROMA (ITALPRESS) &#8211; In attesa della presentazione ai media in programma domani mattina a Coverciano, Luciano Spalletti ha diramato le sue prime convocazioni da ct: sono 29 i calciatori chiamati dal neo commissario tecnico per le gare con Nord Macedonia (9 settembre a Skopje) e Ucraina (12 settembre a Milano), primi due impegni stagionali per [&hellip;]<\/p>\n","protected":false},"author":18,"featured_media":167810,"comment_status":"closed","ping_status":"closed","sticky":false,"template":"","format":"standard","meta":{"ub_ctt_via":"","_mi_skip_tracking":false},"categories":[446],"tags":[783],"featured_image_src":"https:\/\/www.messinaoggi.it\/website\/wp-content\/uploads\/2023\/09\/20230901_1825.jpg","author_info":{"display_name":"Admin","author_link":"https:\/\/www.messinaoggi.it\/website\/author\/admin\/"},"digistream_id":0,"digistream":false,"_links":{"self":[{"href":"https:\/\/www.messinaoggi.it\/website\/wp-json\/wp\/v2\/posts\/167809"}],"collection":[{"href":"https:\/\/www.messinaoggi.it\/website\/wp-json\/wp\/v2\/posts"}],"about":[{"href":"https:\/\/www.messinaoggi.it\/website\/wp-json\/wp\/v2\/types\/post"}],"author":[{"embeddable":true,"href":"https:\/\/www.messinaoggi.it\/website\/wp-json\/wp\/v2\/users\/18"}],"replies":[{"embeddable":true,"href":"https:\/\/www.messinaoggi.it\/website\/wp-json\/wp\/v2\/comments?post=167809"}],"version-history":[{"count":0,"href":"https:\/\/www.messinaoggi.it\/website\/wp-json\/wp\/v2\/posts\/167809\/revisions"}],"wp:featuredmedia":[{"embeddable":true,"href":"https:\/\/www.messinaoggi.it\/website\/wp-json\/wp\/v2\/media\/167810"}],"wp:attachment":[{"href":"https:\/\/www.messinaoggi.it\/website\/wp-json\/wp\/v2\/media?parent=167809"}],"wp:term":[{"taxonomy":"category","embeddable":true,"href":"https:\/\/www.messinaoggi.it\/website\/wp-json\/wp\/v2\/categories?post=167809"},{"taxonomy":"post_tag","embeddable":true,"href":"https:\/\/www.messinaoggi.it\/website\/wp-json\/wp\/v2\/tags?post=167809"}],"curies":[{"name":"wp","href":"https:\/\/api.w.org\/{rel}","templated":true}]}}