{"id":167742,"date":"2023-09-01T17:08:00","date_gmt":"2023-09-01T15:08:00","guid":{"rendered":"https:\/\/www.messinaoggi.it\/website\/2023\/09\/01\/aleix-espargaro-domina-il-venerdi-del-gp-di-catalunya\/"},"modified":"2023-09-01T17:08:00","modified_gmt":"2023-09-01T15:08:00","slug":"aleix-espargaro-domina-il-venerdi-del-gp-di-catalunya","status":"publish","type":"post","link":"https:\/\/www.messinaoggi.it\/website\/2023\/09\/01\/aleix-espargaro-domina-il-venerdi-del-gp-di-catalunya\/","title":{"rendered":"Aleix Espargar\u00f2 domina il venerd\u00ec del Gp di Catalunya"},"content":{"rendered":"<div>MONTMELO&#8217; (SPAGNA) (ITALPRESS) &#8211;  Aleix Espargar\u00f2 e le Aprilia si prendono la scena nel venerd\u00ec di prove del Gran Premio di Catalunya. Sul circuito di Montmel\u00f2, lo spagnolo firma il miglior tempo sia nelle prime libere del mattino (1&#8217;39&#8243;809) che nella practice pomeridiana che decreta l&#8217;accesso diretto al Q2 (1&#8217;38&#8243;686). In entrambe le sessioni il primo rivale \u00e8 il connazionale e compagno di box Maverick Vinales, che al pomeriggio accusa 362 millesimi di ritardo. Nella practice centra il terzo tempo il campione del Mondo della Ducati e leader della classifica iridata, Pecco Bagnaia (+0&#8243;375). Quarto posto per il francese Johann Zarco (Ducati Prima Pramac, +0&#8243;571) che precede Brad Binder (Ktm, +0&#8243;660), quindi Alex Marquez (Ducati Gresini, +0&#8243;863) davanti per un solo millesimo a Marco Bezzecchi (Ducati griffata Mooney). Ottavo Fabio Di Giannantonio, spesso in testa in questa sessione, chiudono la Top Ten della sessione pomeridiana Enea Bastianini (Ducati) e Jorge Martin (Ducati Prima Pramac). Fuori dalla top10 Jack Miller, Luca Marini, le Yamaha di Fabio Quartararo e Franco Morbidelli e le Honda di Marc Marquez e Joan Mir, che dovranno passare tutti dal Q1. <br \/>&#8211; foto LivePhotoSport &#8211; <br \/>(ITALPRESS).<\/div>\n<div id=\"div-gpt-ad-Messinaoggi.it-DSK-300x250-corpoart\" style=\"text-align:center;margin:0 auto;\"><\/div><\/p><div id=\"videoincontent\" style=\"clear:both\";><\/div>","protected":false},"excerpt":{"rendered":"<p>MONTMELO&#8217; (SPAGNA) (ITALPRESS) &#8211; Aleix Espargar\u00f2 e le Aprilia si prendono la scena nel venerd\u00ec di prove del Gran Premio di Catalunya. Sul circuito di Montmel\u00f2, lo spagnolo firma il miglior tempo sia nelle prime libere del mattino (1&#8217;39&#8243;809) che nella practice pomeridiana che decreta l&#8217;accesso diretto al Q2 (1&#8217;38&#8243;686). In entrambe le sessioni il [&hellip;]<\/p>\n","protected":false},"author":18,"featured_media":167743,"comment_status":"closed","ping_status":"closed","sticky":false,"template":"","format":"standard","meta":{"ub_ctt_via":"","_mi_skip_tracking":false},"categories":[446],"tags":[783],"featured_image_src":"https:\/\/www.messinaoggi.it\/website\/wp-content\/uploads\/2023\/09\/20230901_1240.jpg","author_info":{"display_name":"Admin","author_link":"https:\/\/www.messinaoggi.it\/website\/author\/admin\/"},"digistream_id":0,"digistream":false,"_links":{"self":[{"href":"https:\/\/www.messinaoggi.it\/website\/wp-json\/wp\/v2\/posts\/167742"}],"collection":[{"href":"https:\/\/www.messinaoggi.it\/website\/wp-json\/wp\/v2\/posts"}],"about":[{"href":"https:\/\/www.messinaoggi.it\/website\/wp-json\/wp\/v2\/types\/post"}],"author":[{"embeddable":true,"href":"https:\/\/www.messinaoggi.it\/website\/wp-json\/wp\/v2\/users\/18"}],"replies":[{"embeddable":true,"href":"https:\/\/www.messinaoggi.it\/website\/wp-json\/wp\/v2\/comments?post=167742"}],"version-history":[{"count":0,"href":"https:\/\/www.messinaoggi.it\/website\/wp-json\/wp\/v2\/posts\/167742\/revisions"}],"wp:featuredmedia":[{"embeddable":true,"href":"https:\/\/www.messinaoggi.it\/website\/wp-json\/wp\/v2\/media\/167743"}],"wp:attachment":[{"href":"https:\/\/www.messinaoggi.it\/website\/wp-json\/wp\/v2\/media?parent=167742"}],"wp:term":[{"taxonomy":"category","embeddable":true,"href":"https:\/\/www.messinaoggi.it\/website\/wp-json\/wp\/v2\/categories?post=167742"},{"taxonomy":"post_tag","embeddable":true,"href":"https:\/\/www.messinaoggi.it\/website\/wp-json\/wp\/v2\/tags?post=167742"}],"curies":[{"name":"wp","href":"https:\/\/api.w.org\/{rel}","templated":true}]}}