{"id":167720,"date":"2023-09-01T14:08:03","date_gmt":"2023-09-01T12:08:03","guid":{"rendered":"https:\/\/www.messinaoggi.it\/website\/2023\/09\/01\/garcia-voglio-i-tre-punti-anche-contro-la-lazio\/"},"modified":"2023-09-01T14:08:03","modified_gmt":"2023-09-01T12:08:03","slug":"garcia-voglio-i-tre-punti-anche-contro-la-lazio","status":"publish","type":"post","link":"https:\/\/www.messinaoggi.it\/website\/2023\/09\/01\/garcia-voglio-i-tre-punti-anche-contro-la-lazio\/","title":{"rendered":"Garcia \u201cVoglio i tre punti anche contro la Lazio\u201d"},"content":{"rendered":"<div>NAPOLI (ITALPRESS) &#8211; Ha le idee chiare Rudi Garcia. Il tecnico del Napoli non vuole cali di tensione alla vigilia della gara interna di campionato contro la Lazio. &#8220;Sarebbe importante vincere, sia perch\u00e8 otterremmo i tre punti che perch\u00e8 batteremmo una concorrente diretta, forte, come la Lazio. Il nostro obiettivo \u00e8 centrare la terza vittoria di fila&#8221;, ha detto in conferenza stampa. &#8220;La Lazio \u00e8 una squadra di qualit\u00e0, che ha bisogno di fare punti. Dobbiamo essere bravi a creare noi gli spazi giusti. Non importa chi abbiamo di fronte: noi dobbiamo sempre essere in grado di fare la gara&#8221;, ha precisato il tecnico del Napoli.<br \/>\n&#8220;Lindstrom? Sono contento dell&#8217;arrivo di Jesper. E&#8217; un talento in pi\u00f9 nella nostra rosa ma arriva in una squadra che ha gi\u00e0 giocato e vinto due partite. E&#8217; qui anche perch\u00e8 Lozano andr\u00e0 via per vari motivi: a me piaceva il messicano ma ha fatto altre scelte. Lo abbiamo sostituito con un giocatore forte, che a Francoforte ha fatto bene. Ha tanta qualit\u00e0, \u00e8 veloce, ha senso del gol e pu\u00f2 giocare su entrambe le fasce. Domani lui, di certo, non partir\u00e0 dal primo minuto&#8221;, ha aggiunto l&#8217;allenatore francese, che poi non si \u00e8 sbilanciato, invece, su Khvicha Kvaratskhelia: &#8220;Sta bene. Era importante per lui fare un&#8217;altra settimana piena di allenamenti. Domani vedremo se partir\u00e0 dal primo minuto o dalla panchina&#8221;.<br \/>\nIn chiusura parole al miele per Osimhen, il punto sull&#8217;inserimento di Natan e un &#8220;sassolino&#8221; in chiave Champions che attende di togliersi dai tempi della Roma. &#8220;Natan deve esser lasciato tranquillo. Si deve ancora ambientare e deve ancora imparare tante cose. Osimhen pu\u00f2 fare ancora tante grandi stagioni, spero sempre con noi al Napoli. In questo momento \u00e8 uno dei pi\u00f9 forti al mondo. Il girone di Champions poteva essere peggiore ma anche migliore. Sono felice comunque di affrontare il Real Madrid, sia perch\u00e8 \u00e8 una grande squadra e sia perch\u00e8 con la Roma nel 2016 avrei dovuto incrociare proprio gli spagnoli agli ottavi di finale ma non mi \u00e8 stato possibile farlo&#8221;.<br \/>\n&#8211; foto Image &#8211;<br \/>\n(ITALPRESS).<\/div>\n<div id=\"div-gpt-ad-Messinaoggi.it-DSK-300x250-corpoart\" style=\"text-align:center;margin:0 auto;\"><\/div><\/p><div id=\"videoincontent\" style=\"clear:both\";><\/div>","protected":false},"excerpt":{"rendered":"<p>NAPOLI (ITALPRESS) &#8211; Ha le idee chiare Rudi Garcia. Il tecnico del Napoli non vuole cali di tensione alla vigilia della gara interna di campionato contro la Lazio. &#8220;Sarebbe importante vincere, sia perch\u00e8 otterremmo i tre punti che perch\u00e8 batteremmo una concorrente diretta, forte, come la Lazio. Il nostro obiettivo \u00e8 centrare la terza vittoria [&hellip;]<\/p>\n","protected":false},"author":18,"featured_media":167721,"comment_status":"closed","ping_status":"closed","sticky":false,"template":"","format":"standard","meta":{"ub_ctt_via":"","_mi_skip_tracking":false},"categories":[446],"tags":[783],"featured_image_src":"https:\/\/www.messinaoggi.it\/website\/wp-content\/uploads\/2023\/09\/20230901_0613.jpg","author_info":{"display_name":"Admin","author_link":"https:\/\/www.messinaoggi.it\/website\/author\/admin\/"},"digistream_id":0,"digistream":false,"_links":{"self":[{"href":"https:\/\/www.messinaoggi.it\/website\/wp-json\/wp\/v2\/posts\/167720"}],"collection":[{"href":"https:\/\/www.messinaoggi.it\/website\/wp-json\/wp\/v2\/posts"}],"about":[{"href":"https:\/\/www.messinaoggi.it\/website\/wp-json\/wp\/v2\/types\/post"}],"author":[{"embeddable":true,"href":"https:\/\/www.messinaoggi.it\/website\/wp-json\/wp\/v2\/users\/18"}],"replies":[{"embeddable":true,"href":"https:\/\/www.messinaoggi.it\/website\/wp-json\/wp\/v2\/comments?post=167720"}],"version-history":[{"count":0,"href":"https:\/\/www.messinaoggi.it\/website\/wp-json\/wp\/v2\/posts\/167720\/revisions"}],"wp:featuredmedia":[{"embeddable":true,"href":"https:\/\/www.messinaoggi.it\/website\/wp-json\/wp\/v2\/media\/167721"}],"wp:attachment":[{"href":"https:\/\/www.messinaoggi.it\/website\/wp-json\/wp\/v2\/media?parent=167720"}],"wp:term":[{"taxonomy":"category","embeddable":true,"href":"https:\/\/www.messinaoggi.it\/website\/wp-json\/wp\/v2\/categories?post=167720"},{"taxonomy":"post_tag","embeddable":true,"href":"https:\/\/www.messinaoggi.it\/website\/wp-json\/wp\/v2\/tags?post=167720"}],"curies":[{"name":"wp","href":"https:\/\/api.w.org\/{rel}","templated":true}]}}