{"id":167702,"date":"2023-09-01T11:50:26","date_gmt":"2023-09-01T09:50:26","guid":{"rendered":"http:\/\/www.messinaoggi.it\/website\/?p=167702"},"modified":"2023-09-01T11:50:27","modified_gmt":"2023-09-01T09:50:27","slug":"meteo-in-arrivo-weekend-mite","status":"publish","type":"post","link":"https:\/\/www.messinaoggi.it\/website\/2023\/09\/01\/meteo-in-arrivo-weekend-mite\/","title":{"rendered":"Meteo, in arrivo weekend mite"},"content":{"rendered":"\n<p>Da alcuni giorni le correnti temperate hanno messo a tacere un tenace anticiclone subtropicale che, sebbene non abbia mai avvettato sulla Sicilia termiche eclatanti nel mese di Agosto, ha ammorbato l&#8217;armpafera ai bassi strati, deteriorando notevolmente la qualit\u00e0 dell&#8217;aria. Per almeno 10 giorni abbiamo patito una opprimente quanto invivibile cappa di afa, che non ci ha mai fatto respirare malgrado la colonnina di mercurio non abbia mai varcato la soglia dei 28-29\u00b0 all&#8217;ombra. Praticamente siamo stati catapultati in un contesto climatico simil pianura padana, uno dei peggiori climi dove l&#8217;aria stagnante penalizza un inesistente ricambio di aria. Fortunatamente, l&#8217;innesto del temperato maestrale ha indotto l&#8217;espulsione della massa d&#8217;aria intrisa di umidit\u00e0, a beneficio di aliti decisamente pi\u00f9 miti.<div id=\"div-gpt-ad-Messinaoggi.it-DSK-300x250-corpoart\" style=\"text-align:center;margin:0 auto;\"><\/div><\/p>\n\n\n\n<p>Suddetto pattern assester\u00e0 anche nel prossimo week end, mentre un cut off portoghese metter\u00e0 in movimento meridiano una violenta propulsione subtropicale epicentrato fra Baleari e Sardegna, con una protuberanza canicolare che soprattutto domenica interesser\u00e0 Francia, Baleari e Sardegna. A Parigi si potranno sperimentare punte di 38\u00b0 all&#8217;ombra, mentre la Sicilia non sar\u00e0 minimamente toccata dalla vampata subtropicale, il cui ramo ascendente assumer\u00e0 una bisettrice occidentale.<div id=\"videoincontent\" style=\"clear:both\";><\/div><\/p>\n\n\n\n<p>Con questo quadro sinottico ben delineato, la stabilit\u00e0 Messinese non subir\u00e0 destabilizzanti deterioramenti di sorta. Il cielo permarr\u00e0 sereno o lievemente velato da innocui cirri africani, in un contesto termico mite. Sulle nostre teste scorrer\u00e0 una innocua +16 a 850 hpa, mentre sulla Baleari si inerpicher\u00e0 una rovente +28.<\/p>\n\n\n\n<p>La temperatura subir\u00e0 un lieve rialzo diurno, fluttuando dai 28\u00b0 di massima registrati all&#8217;ombra, mentre la minima si assester\u00e0 intorno ai 22\u00b0. I venti sabato mattina saranno assenti, riscontrando una generalizzata bonaccia che favorir\u00e0 un piacevole mare &#8220;olio&#8221;. Nelle successive ore saranno attive le brezze termiche settentrionali, con refoli di maestrale non superiori ai 10 nodi sul Tirreno meridionale. Tutti i mari saranno in buone condizioni, ad eccezione di uno Stretto di Messina localmente spumeggiante.<\/p>\n\n\n\n<p>Le tendenze del tempo a medio termine prefigurano un drastico mutamento meteoclimatico di carattere autunnale, fomentato da una insidiosa goccia fredda, che dovrebbe posizionarsi sullo Ionio. Suddetta falla barica dovrebbe produrre una vivace instabilit\u00e0, veicolando venti freschi e tesi di tramontana e grecale, accompagnati da cumulonembi marittimi anche imponenti, da inquadrare in tempistica e localizzazione. Sar\u00e0 la mazzata all&#8217;estate?<\/p>\n\n\n\n<p><strong>Alessio Campobello<\/strong><\/p>\n","protected":false},"excerpt":{"rendered":"<p>Da alcuni giorni le correnti temperate hanno messo a tacere un tenace anticiclone subtropicale che, sebbene non abbia mai avvettato sulla Sicilia termiche eclatanti nel mese di Agosto, ha ammorbato l&#8217;armpafera ai bassi strati, deteriorando notevolmente la qualit\u00e0 dell&#8217;aria. Per almeno 10 giorni abbiamo patito una opprimente quanto invivibile cappa di afa, che non ci [&hellip;]<\/p>\n","protected":false},"author":8,"featured_media":167703,"comment_status":"open","ping_status":"open","sticky":false,"template":"","format":"standard","meta":{"ub_ctt_via":"","_mi_skip_tracking":false},"categories":[6],"tags":[1225,178],"featured_image_src":"https:\/\/www.messinaoggi.it\/website\/wp-content\/uploads\/2023\/09\/aa286e0f-d78a-47e0-b021-c14ad5d63990.jpg","author_info":{"display_name":"red..me","author_link":"https:\/\/www.messinaoggi.it\/website\/author\/redstage\/"},"digistream_id":0,"digistream":false,"_links":{"self":[{"href":"https:\/\/www.messinaoggi.it\/website\/wp-json\/wp\/v2\/posts\/167702"}],"collection":[{"href":"https:\/\/www.messinaoggi.it\/website\/wp-json\/wp\/v2\/posts"}],"about":[{"href":"https:\/\/www.messinaoggi.it\/website\/wp-json\/wp\/v2\/types\/post"}],"author":[{"embeddable":true,"href":"https:\/\/www.messinaoggi.it\/website\/wp-json\/wp\/v2\/users\/8"}],"replies":[{"embeddable":true,"href":"https:\/\/www.messinaoggi.it\/website\/wp-json\/wp\/v2\/comments?post=167702"}],"version-history":[{"count":1,"href":"https:\/\/www.messinaoggi.it\/website\/wp-json\/wp\/v2\/posts\/167702\/revisions"}],"predecessor-version":[{"id":167704,"href":"https:\/\/www.messinaoggi.it\/website\/wp-json\/wp\/v2\/posts\/167702\/revisions\/167704"}],"wp:featuredmedia":[{"embeddable":true,"href":"https:\/\/www.messinaoggi.it\/website\/wp-json\/wp\/v2\/media\/167703"}],"wp:attachment":[{"href":"https:\/\/www.messinaoggi.it\/website\/wp-json\/wp\/v2\/media?parent=167702"}],"wp:term":[{"taxonomy":"category","embeddable":true,"href":"https:\/\/www.messinaoggi.it\/website\/wp-json\/wp\/v2\/categories?post=167702"},{"taxonomy":"post_tag","embeddable":true,"href":"https:\/\/www.messinaoggi.it\/website\/wp-json\/wp\/v2\/tags?post=167702"}],"curies":[{"name":"wp","href":"https:\/\/api.w.org\/{rel}","templated":true}]}}