{"id":167690,"date":"2023-09-01T11:08:04","date_gmt":"2023-09-01T09:08:04","guid":{"rendered":"https:\/\/www.messinaoggi.it\/website\/2023\/09\/01\/autonomia-calderoli-nella-maggioranza-lintesa-e-totale\/"},"modified":"2023-09-01T11:08:04","modified_gmt":"2023-09-01T09:08:04","slug":"autonomia-calderoli-nella-maggioranza-lintesa-e-totale","status":"publish","type":"post","link":"https:\/\/www.messinaoggi.it\/website\/2023\/09\/01\/autonomia-calderoli-nella-maggioranza-lintesa-e-totale\/","title":{"rendered":"Autonomia, Calderoli \u201cNella maggioranza l\u2019intesa \u00e8 totale\u201d"},"content":{"rendered":"<div>ROMA (ITALPRESS) &#8211; &#8220;Tutti gli emendamenti di maggioranza in commissione al Senato sono stati concordati. Non c&#8217;\u00e8 alcun problema di natura politica rispetto all&#8217;aggiornamento del testo&#8221;. Lo dice il ministro per gli Affari Regionali e le Autonomie, Roberto Calderoli, in un&#8217;intervista al Corriere del Veneto in merito all&#8217;autonomia differenziata.<br \/>&#8220;La Costituzione parla di forme e condizioni particolari di autonomia nelle tal materie. Ogni materia comprende, per\u00f2, pi\u00f9 funzioni. Ora, prendiamo a esempio una delle materie pi\u00f9 complesse e discusse, l&#8217;istruzione. Se una Regione chiedesse le norme generali sull&#8217;istruzione, il premier, anche su proposta del ministro delle Autonomie, pu\u00f2 dire: all&#8217;interno di questa materia ti posso dare queste funzioni e non quest&#8217;altre &#8211; spiega Calderoli -. Non sarebbe un veto sull&#8217;intera materia ma si collocherebbe nel solco del negoziato fra Stato e Regione. Io, francamente, e parlo a titolo personale, le norme generali sull&#8217;istruzione non le darei a una Regione, ma alcune delle funzioni comprese nella &#8220;materia istruzione&#8221; s\u00ec&#8221;.<br \/>Alla domanda su quando prevede che arriver\u00e0 il voto in aula sul  testo in Senato, il ministro risponde cos\u00ec: &#8220;Con la maggioranza c&#8217;\u00e8 una totale intesa, abbiamo fatto ampie riflessioni trovando soluzioni che soddisfano tutti. Poi, prevedere i tempi del parlamento dipende anche dall&#8217;atteggiamento dell&#8217;opposizione. Se \u00e8 un esame vero ha determinati tempi, se si mettono a fare ostruzionismo ne ha altri per\u00f2. Poi ci sono anche i rimedi all&#8217;ostruzionismo&#8230; Mi auguro non accada. Un esame regolare del provvedimento potrebbe portare per fine di ottobre all&#8217;approvazione del testo in Senato&#8221;.<div id=\"div-gpt-ad-Messinaoggi.it-DSK-300x250-corpoart\" style=\"text-align:center;margin:0 auto;\"><\/div><\/p>\n<p>&#8211; foto: Agenzia Fotogramma &#8211;<div id=\"videoincontent\" style=\"clear:both\";><\/div><\/p>\n<p>(ITALPRESS).<\/p><\/div>\n","protected":false},"excerpt":{"rendered":"<p>ROMA (ITALPRESS) &#8211; &#8220;Tutti gli emendamenti di maggioranza in commissione al Senato sono stati concordati. Non c&#8217;\u00e8 alcun problema di natura politica rispetto all&#8217;aggiornamento del testo&#8221;. Lo dice il ministro per gli Affari Regionali e le Autonomie, Roberto Calderoli, in un&#8217;intervista al Corriere del Veneto in merito all&#8217;autonomia differenziata.&#8220;La Costituzione parla di forme e condizioni [&hellip;]<\/p>\n","protected":false},"author":18,"featured_media":167691,"comment_status":"closed","ping_status":"closed","sticky":false,"template":"","format":"standard","meta":{"ub_ctt_via":"","_mi_skip_tracking":false},"categories":[446],"tags":[783],"featured_image_src":"https:\/\/www.messinaoggi.it\/website\/wp-content\/uploads\/2023\/09\/20230901_0219.jpg","author_info":{"display_name":"Admin","author_link":"https:\/\/www.messinaoggi.it\/website\/author\/admin\/"},"digistream_id":0,"digistream":false,"_links":{"self":[{"href":"https:\/\/www.messinaoggi.it\/website\/wp-json\/wp\/v2\/posts\/167690"}],"collection":[{"href":"https:\/\/www.messinaoggi.it\/website\/wp-json\/wp\/v2\/posts"}],"about":[{"href":"https:\/\/www.messinaoggi.it\/website\/wp-json\/wp\/v2\/types\/post"}],"author":[{"embeddable":true,"href":"https:\/\/www.messinaoggi.it\/website\/wp-json\/wp\/v2\/users\/18"}],"replies":[{"embeddable":true,"href":"https:\/\/www.messinaoggi.it\/website\/wp-json\/wp\/v2\/comments?post=167690"}],"version-history":[{"count":0,"href":"https:\/\/www.messinaoggi.it\/website\/wp-json\/wp\/v2\/posts\/167690\/revisions"}],"wp:featuredmedia":[{"embeddable":true,"href":"https:\/\/www.messinaoggi.it\/website\/wp-json\/wp\/v2\/media\/167691"}],"wp:attachment":[{"href":"https:\/\/www.messinaoggi.it\/website\/wp-json\/wp\/v2\/media?parent=167690"}],"wp:term":[{"taxonomy":"category","embeddable":true,"href":"https:\/\/www.messinaoggi.it\/website\/wp-json\/wp\/v2\/categories?post=167690"},{"taxonomy":"post_tag","embeddable":true,"href":"https:\/\/www.messinaoggi.it\/website\/wp-json\/wp\/v2\/tags?post=167690"}],"curies":[{"name":"wp","href":"https:\/\/api.w.org\/{rel}","templated":true}]}}